{"id":11273,"date":"2022-06-30T10:54:42","date_gmt":"2022-06-30T10:54:42","guid":{"rendered":"https:\/\/www.iveinarabic.org\/visita-semestral-del-patriarca-a-gaza-palestina\/"},"modified":"2022-06-30T10:54:43","modified_gmt":"2022-06-30T10:54:43","slug":"visita-semestral-del-patriarca-a-gaza-palestina","status":"publish","type":"post","link":"https:\/\/iveinarabic.org\/es\/visita-semestral-del-patriarca-a-gaza-palestina\/","title":{"rendered":"Visita semestral del Patriarca a Gaza &#8211; Palestina"},"content":{"rendered":"\t\t<div data-elementor-type=\"wp-post\" data-elementor-id=\"11273\" class=\"elementor elementor-11273 elementor-11220\" data-elementor-post-type=\"post\">\n\t\t\t\t\t\t<section class=\"elementor-section elementor-top-section elementor-element elementor-element-9cec715 elementor-section-boxed elementor-section-height-default elementor-section-height-default\" data-id=\"9cec715\" data-element_type=\"section\" data-e-type=\"section\" data-settings=\"{&quot;jet_parallax_layout_list&quot;:[]}\">\n\t\t\t\t\t\t<div class=\"elementor-container elementor-column-gap-default\">\n\t\t\t\t\t<div class=\"elementor-column elementor-col-100 elementor-top-column elementor-element elementor-element-67ee2a3\" data-id=\"67ee2a3\" data-element_type=\"column\" data-e-type=\"column\">\n\t\t\t<div class=\"elementor-widget-wrap elementor-element-populated\">\n\t\t\t\t\t\t<div class=\"elementor-element elementor-element-b58e369 elementor-widget elementor-widget-text-editor\" data-id=\"b58e369\" data-element_type=\"widget\" data-e-type=\"widget\" data-widget_type=\"text-editor.default\">\n\t\t\t\t<div class=\"elementor-widget-container\">\n\t\t\t\t\t\t\t\t\tGAZA \u2013 Dos veces al a\u00f1o, Su Beatitud Mons. Pierbattista Pizzaballa, Patriarca Latino de Jerusal\u00e9n, viaja a Gaza para encontrarse con la comunidad cristiana existente en la Franja. En esta ocasi\u00f3n estuvo acompa\u00f1ado por el P. Davide Meli, Canciller del Patriarcado Latino, el P. Carlos Ferrero, IVE, y Abdallah Dababneh, seminarista del Patriarcado.\r\n\r\nCinco d\u00edas recorriendo la Franja de Gaza. Entre visitas, encuentros, inauguraciones y ratos de amistad, el programa del Patriarca y su delegaci\u00f3n fue muy cargado. As\u00ed pues, dos tardes y una ma\u00f1ana se dedicaron \u00edntegramente a visitar a las familias cristianas: una docena de ellas pudieron recibir a Monse\u00f1or Pizzaballa en sus casas para conocerlo en persona y poder tomarse un momento para conversar\r\n\r\nEntre estas familias, la de Jeries Michail, el \u00fanico cristiano que vive con su esposa Soha fuera de Gaza, en la ciudad de Khan Yunis. \u201cMi abuelo vino de Egipto y se cas\u00f3 con una mujer de Khan Yunis\u201d, explica. \u00abTodos sus hijos se fueron de Palestina, excepto mi padre, que opt\u00f3 por quedarse. Crec\u00ed aqu\u00ed con mis hermanos en Khan Yunis, pero cuando se casaron, se fueron. Soy el \u00fanico que se qued\u00f3. Abr\u00ed una tienda y mi negocio funcion\u00f3 bien, la gente conf\u00eda en m\u00ed, no dudan en venir. Hoy, irme significar\u00eda perder a todos mis clientes, perder esta relaci\u00f3n que tengo con todo el mundo aqu\u00ed en la ciudad. S\u00ed, no siempre es f\u00e1cil, si, algunos no est\u00e1 de acuerdo con nosotros, pero al final, vali\u00f3 la pena quedarse\u00bb.\r\n\r\n\u00abMe cas\u00e9 con Jeries cuando ten\u00eda 14 a\u00f1os\u00bb, dice su esposa, Soha. \u00abTen\u00eda una t\u00eda que viv\u00eda aqu\u00ed en Khan Yunis y vinimos a visitarla. As\u00ed fue como Jeries y yo nos conocimos. Entonces, cuando nos casamos, aunque estaba trabajando en Gaza como maestra, no dud\u00e9 en venir y vivir aqu\u00ed, conoc\u00eda gente, all\u00ed estaba mi t\u00eda, el ambiente todav\u00eda era cristiano, luego los miembros de la familia que ten\u00eda aqu\u00ed murieron, y nos encontramos como los \u00fanicos cristianos que quedaban\u00bb.\r\n\r\nOriginarias de Jaffa, de Ashkelon, de Gaza, todas las familias han demostrado una alegr\u00eda de vivir y una resiliencia impresionante ante la dif\u00edcil situaci\u00f3n que tienen que enfrentar todos los d\u00edas. \u201cSent\u00ed una mayor serenidad, una mayor calma en ellos\u201d, dijo el Patriarca. \u00abEste a\u00f1o, obtener permisos de salida de vacaciones ha sido m\u00e1s f\u00e1cil, y muchos cristianos han podido beneficiarse de ello. Se hab\u00eda creado una atm\u00f3sfera de tensi\u00f3n y fatiga que pesaba mucho sobre los hombros de los habitantes de Gaza\u00bb.\r\n\r\nAdem\u00e1s de estas visitas, el Patriarca tambi\u00e9n dedic\u00f3 varios momentos a la juventud cristiana de Gaza, en particular a trav\u00e9s de la inauguraci\u00f3n de un campo de f\u00fatbol y baloncesto, un tiempo de encuentro con los scouts de la parroquia, as\u00ed como una jornada de actividades para los m\u00e1s j\u00f3venes, organizados en el patio de la iglesia\r\n\r\nEn esta ocasi\u00f3n, los scouts pudieron expresar su agradecimiento al Patriarca y al Patriarcado por el apoyo brindado a los cristianos de Gaza, pero tambi\u00e9n demostrar sus dotes como m\u00fasicos y bailarines a trav\u00e9s de un desfile de scouts al final de la misa dominical, as\u00ed como una demostraci\u00f3n de \u201cdabke\u201d durante la feria parroquial.\r\n\r\nDurante su estancia, el Patriarca tambi\u00e9n fue invitado a celebrar la Fiesta del Sagrado Coraz\u00f3n de Jes\u00fas, tradicionalmente celebrada en Bel\u00e9n entre los Salesianos. Durante su homil\u00eda resalt\u00f3 la importancia del papel que debe jugar el amor en la vida de todos: \u201cEl amor es una actitud, no solo una emoci\u00f3n o un sentimiento pasajero. Es un comportamiento, un estilo de vida que debemos construir d\u00eda tras d\u00eda, con la ayuda de Jes\u00fas. Sin \u00c9l, somos incapaces de amar de verdad, de amar como \u00c9l nos am\u00f3 y a\u00fan nos ama, incondicionalmente\u201d.\r\n\r\nMonse\u00f1or Pizzaballa tambi\u00e9n presidi\u00f3 la misa dominical, durante la cual se bautiz\u00f3 a una ni\u00f1a, un momento de celebraci\u00f3n y alegr\u00eda para toda la parroquia.\r\n\r\nEsta estancia tambi\u00e9n permiti\u00f3 al Patriarca y su delegaci\u00f3n visitar varios hospitales y cl\u00ednicas, y ver in situ el trabajo de Caritas Jerusal\u00e9n en Gaza. Cuatro familias en situaci\u00f3n de extrema pobreza y beneficiarias del proyecto \u00abFamilia a familia\u00bb, creado por Caritas Polonia y que ayuda a unas cien familias al a\u00f1o, recibieron la visita de Monse\u00f1or Pizzballa y su delegaci\u00f3n, acompa\u00f1ados del equipo de Caritas.\r\n\r\nEn Gaza, el proyecto ha estado en marcha durante tres a\u00f1os. La mayor\u00eda de los beneficiarios, familias formadas por mujeres con hijos a cargo y marido ausente o enfermo, a veces muy endeudadas o viviendo en barrios marginales, reciben ayudas econ\u00f3micas para poder comer, comprar medicinas o incluso pagar deudas familiares. \u00abEstas personas, a menudo mujeres, son los verdaderos combatientes en Gaza. Luchan para sobrevivir, para proporcionar a sus hijos condiciones de vida dignas, para sacar a sus maridos de la pobreza\u00bb, dijo un empleado de Caritas.\r\n\r\n\u00abEn toda la Franja de Gaza, estamos ayudando a entre 80.000 y 100.000 personas. Durante la crisis de la COVID-19, hemos intervenido en m\u00e1s del 70 % de los casos. Por supuesto, nuestros fondos son limitados, por lo que tenemos que tomar decisiones: dependiendo de la situaci\u00f3n familiar, la situaci\u00f3n econ\u00f3mica, si hay ni\u00f1os, ancianos, discapacitados\u2026\u201d, explica George Antone, administrador de Caritas Jerusal\u00e9n en Gaza. \u201cTambi\u00e9n tenemos cl\u00ednicas que brindan atenci\u00f3n b\u00e1sica a todos y redirigen a las personas que necesitan especialistas a otros hospitales o m\u00e9dicos especialistas\u201d\r\n\r\nDos hospitales no relacionados con Caritas Jerusal\u00e9n tambi\u00e9n recibieron la visita de Monse\u00f1or Pizzaballa; el Hospital Cristiano Al-Ahli, y el Hospital Jordano Gaza 71, cuyos empleados, originarios de Jordania, cambian cada tres meses. A pesar de las dificultades de suministro, particularmente de electricidad, pero tambi\u00e9n financieras, debido a la crisis del COVID-19 y la guerra en Ucrania, estos hospitales contin\u00faan brindando atenci\u00f3n gratuita a los pacientes. El Patriarca expres\u00f3 su agradecimiento y apoyo a los responsables de estas instalaciones m\u00e9dicas, que brindan ayuda humanitaria fundamental a la Franja de Gaza.\r\n\r\n&nbsp;\r\n\r\nSiempre en t\u00e9rminos de iniciativa humanitaria pero tambi\u00e9n social, el Patriarca aprovech\u00f3 para visitar el centro de las Hermanas Misioneras de la Caridad, dentro de la parroquia, que atiende a ni\u00f1os con discapacidades graves. Recibido por una ni\u00f1a y un ni\u00f1o del centro, Monse\u00f1or Pizzaballa pas\u00f3 un rato con los ni\u00f1os antes de hablar sobre el centro con las tres hermanas a cargo.\r\n\r\nAl final de la estancia, concluida con una comida compartida con los feligreses, el Patriarca se despidi\u00f3 de cuantos, durante estos cinco d\u00edas, hab\u00edan contribuido a hacer memorable y c\u00e1lida su estancia, fortalecida por la acogida incondicional de los gazat\u00edes y de su voluntad de servir. \u201cVenir aqu\u00ed no es solo para resolver problemas, para traer ayuda. Es tambi\u00e9n para conocer gente, los cristianos de Gaza. Soy pastor y ellos son parte de mi reba\u00f1o\u201d.\t\t\t\t\t\t\t\t<\/div>\n\t\t\t\t<\/div>\n\t\t\t\t<div class=\"elementor-element elementor-element-83606e6 elementor-widget elementor-widget-image-gallery\" data-id=\"83606e6\" data-element_type=\"widget\" data-e-type=\"widget\" data-widget_type=\"image-gallery.default\">\n\t\t\t\t<div class=\"elementor-widget-container\">\n\t\t\t\t\t\t\t<div class=\"elementor-image-gallery\">\n\t\t\t<div id='gallery-1' class='gallery galleryid-11273 gallery-columns-4 gallery-size-medium_large'><figure class='gallery-item'>\n\t\t\t<div class='gallery-icon landscape'>\n\t\t\t\t<a data-elementor-open-lightbox=\"yes\" data-elementor-lightbox-slideshow=\"83606e6\" data-elementor-lightbox-title=\"IVE GAZA VISITA DEL PATRIARCA 2022 (69)\" data-e-action-hash=\"#elementor-action%3Aaction%3Dlightbox%26settings%3DeyJpZCI6MTEyMzEsInVybCI6Imh0dHBzOlwvXC9pdmVpbmFyYWJpYy5vcmdcL3dwLWNvbnRlbnRcL3VwbG9hZHNcLzIwMjJcLzA2XC9JVkUtR0FaQS1WSVNJVEEtREVMLVBBVFJJQVJDQS0yMDIyLTY5LmpwZyIsInNsaWRlc2hvdyI6IjgzNjA2ZTYifQ%3D%3D\" href='https:\/\/iveinarabic.org\/wp-content\/uploads\/2022\/06\/IVE-GAZA-VISITA-DEL-PATRIARCA-2022-69.jpg'><img fetchpriority=\"high\" decoding=\"async\" width=\"768\" height=\"512\" src=\"https:\/\/iveinarabic.org\/wp-content\/uploads\/2022\/06\/IVE-GAZA-VISITA-DEL-PATRIARCA-2022-69-768x512.jpg\" class=\"attachment-medium_large size-medium_large\" alt=\"\" srcset=\"https:\/\/iveinarabic.org\/wp-content\/uploads\/2022\/06\/IVE-GAZA-VISITA-DEL-PATRIARCA-2022-69-768x512.jpg 768w, https:\/\/iveinarabic.org\/wp-content\/uploads\/2022\/06\/IVE-GAZA-VISITA-DEL-PATRIARCA-2022-69-300x200.jpg 300w, https:\/\/iveinarabic.org\/wp-content\/uploads\/2022\/06\/IVE-GAZA-VISITA-DEL-PATRIARCA-2022-69.jpg 1000w\" sizes=\"(max-width: 768px) 100vw, 768px\" \/><\/a>\n\t\t\t<\/div><\/figure><figure class='gallery-item'>\n\t\t\t<div class='gallery-icon landscape'>\n\t\t\t\t<a data-elementor-open-lightbox=\"yes\" data-elementor-lightbox-slideshow=\"83606e6\" data-elementor-lightbox-title=\"IVE GAZA VISITA DEL PATRIARCA 2022 (2)\" data-e-action-hash=\"#elementor-action%3Aaction%3Dlightbox%26settings%3DeyJpZCI6MTEyMzMsInVybCI6Imh0dHBzOlwvXC9pdmVpbmFyYWJpYy5vcmdcL3dwLWNvbnRlbnRcL3VwbG9hZHNcLzIwMjJcLzA2XC9JVkUtR0FaQS1WSVNJVEEtREVMLVBBVFJJQVJDQS0yMDIyLTIuanBnIiwic2xpZGVzaG93IjoiODM2MDZlNiJ9\" href='https:\/\/iveinarabic.org\/wp-content\/uploads\/2022\/06\/IVE-GAZA-VISITA-DEL-PATRIARCA-2022-2.jpg'><img decoding=\"async\" width=\"768\" height=\"512\" src=\"https:\/\/iveinarabic.org\/wp-content\/uploads\/2022\/06\/IVE-GAZA-VISITA-DEL-PATRIARCA-2022-2-768x512.jpg\" class=\"attachment-medium_large size-medium_large\" alt=\"\" srcset=\"https:\/\/iveinarabic.org\/wp-content\/uploads\/2022\/06\/IVE-GAZA-VISITA-DEL-PATRIARCA-2022-2-768x512.jpg 768w, https:\/\/iveinarabic.org\/wp-content\/uploads\/2022\/06\/IVE-GAZA-VISITA-DEL-PATRIARCA-2022-2-300x200.jpg 300w, https:\/\/iveinarabic.org\/wp-content\/uploads\/2022\/06\/IVE-GAZA-VISITA-DEL-PATRIARCA-2022-2.jpg 1000w\" sizes=\"(max-width: 768px) 100vw, 768px\" \/><\/a>\n\t\t\t<\/div><\/figure><figure class='gallery-item'>\n\t\t\t<div class='gallery-icon landscape'>\n\t\t\t\t<a data-elementor-open-lightbox=\"yes\" data-elementor-lightbox-slideshow=\"83606e6\" data-elementor-lightbox-title=\"IVE GAZA VISITA DEL PATRIARCA 2022 (3)\" data-e-action-hash=\"#elementor-action%3Aaction%3Dlightbox%26settings%3DeyJpZCI6MTEyMzUsInVybCI6Imh0dHBzOlwvXC9pdmVpbmFyYWJpYy5vcmdcL3dwLWNvbnRlbnRcL3VwbG9hZHNcLzIwMjJcLzA2XC9JVkUtR0FaQS1WSVNJVEEtREVMLVBBVFJJQVJDQS0yMDIyLTMuanBnIiwic2xpZGVzaG93IjoiODM2MDZlNiJ9\" href='https:\/\/iveinarabic.org\/wp-content\/uploads\/2022\/06\/IVE-GAZA-VISITA-DEL-PATRIARCA-2022-3.jpg'><img decoding=\"async\" width=\"768\" height=\"512\" src=\"https:\/\/iveinarabic.org\/wp-content\/uploads\/2022\/06\/IVE-GAZA-VISITA-DEL-PATRIARCA-2022-3-768x512.jpg\" class=\"attachment-medium_large size-medium_large\" alt=\"\" srcset=\"https:\/\/iveinarabic.org\/wp-content\/uploads\/2022\/06\/IVE-GAZA-VISITA-DEL-PATRIARCA-2022-3-768x512.jpg 768w, https:\/\/iveinarabic.org\/wp-content\/uploads\/2022\/06\/IVE-GAZA-VISITA-DEL-PATRIARCA-2022-3-300x200.jpg 300w, https:\/\/iveinarabic.org\/wp-content\/uploads\/2022\/06\/IVE-GAZA-VISITA-DEL-PATRIARCA-2022-3.jpg 1000w\" sizes=\"(max-width: 768px) 100vw, 768px\" \/><\/a>\n\t\t\t<\/div><\/figure><figure class='gallery-item'>\n\t\t\t<div class='gallery-icon landscape'>\n\t\t\t\t<a data-elementor-open-lightbox=\"yes\" data-elementor-lightbox-slideshow=\"83606e6\" data-elementor-lightbox-title=\"IVE GAZA VISITA DEL PATRIARCA 2022 (4)\" data-e-action-hash=\"#elementor-action%3Aaction%3Dlightbox%26settings%3DeyJpZCI6MTEyMzcsInVybCI6Imh0dHBzOlwvXC9pdmVpbmFyYWJpYy5vcmdcL3dwLWNvbnRlbnRcL3VwbG9hZHNcLzIwMjJcLzA2XC9JVkUtR0FaQS1WSVNJVEEtREVMLVBBVFJJQVJDQS0yMDIyLTQuanBnIiwic2xpZGVzaG93IjoiODM2MDZlNiJ9\" href='https:\/\/iveinarabic.org\/wp-content\/uploads\/2022\/06\/IVE-GAZA-VISITA-DEL-PATRIARCA-2022-4.jpg'><img loading=\"lazy\" decoding=\"async\" width=\"768\" height=\"512\" src=\"https:\/\/iveinarabic.org\/wp-content\/uploads\/2022\/06\/IVE-GAZA-VISITA-DEL-PATRIARCA-2022-4-768x512.jpg\" class=\"attachment-medium_large size-medium_large\" alt=\"\" srcset=\"https:\/\/iveinarabic.org\/wp-content\/uploads\/2022\/06\/IVE-GAZA-VISITA-DEL-PATRIARCA-2022-4-768x512.jpg 768w, https:\/\/iveinarabic.org\/wp-content\/uploads\/2022\/06\/IVE-GAZA-VISITA-DEL-PATRIARCA-2022-4-300x200.jpg 300w, https:\/\/iveinarabic.org\/wp-content\/uploads\/2022\/06\/IVE-GAZA-VISITA-DEL-PATRIARCA-2022-4.jpg 1000w\" sizes=\"(max-width: 768px) 100vw, 768px\" \/><\/a>\n\t\t\t<\/div><\/figure><figure class='gallery-item'>\n\t\t\t<div class='gallery-icon landscape'>\n\t\t\t\t<a data-elementor-open-lightbox=\"yes\" data-elementor-lightbox-slideshow=\"83606e6\" data-elementor-lightbox-title=\"IVE GAZA VISITA DEL PATRIARCA 2022 (8)\" data-e-action-hash=\"#elementor-action%3Aaction%3Dlightbox%26settings%3DeyJpZCI6MTEyMzksInVybCI6Imh0dHBzOlwvXC9pdmVpbmFyYWJpYy5vcmdcL3dwLWNvbnRlbnRcL3VwbG9hZHNcLzIwMjJcLzA2XC9JVkUtR0FaQS1WSVNJVEEtREVMLVBBVFJJQVJDQS0yMDIyLTguanBnIiwic2xpZGVzaG93IjoiODM2MDZlNiJ9\" href='https:\/\/iveinarabic.org\/wp-content\/uploads\/2022\/06\/IVE-GAZA-VISITA-DEL-PATRIARCA-2022-8.jpg'><img loading=\"lazy\" decoding=\"async\" width=\"768\" height=\"512\" src=\"https:\/\/iveinarabic.org\/wp-content\/uploads\/2022\/06\/IVE-GAZA-VISITA-DEL-PATRIARCA-2022-8-768x512.jpg\" class=\"attachment-medium_large size-medium_large\" alt=\"\" srcset=\"https:\/\/iveinarabic.org\/wp-content\/uploads\/2022\/06\/IVE-GAZA-VISITA-DEL-PATRIARCA-2022-8-768x512.jpg 768w, https:\/\/iveinarabic.org\/wp-content\/uploads\/2022\/06\/IVE-GAZA-VISITA-DEL-PATRIARCA-2022-8-300x200.jpg 300w, https:\/\/iveinarabic.org\/wp-content\/uploads\/2022\/06\/IVE-GAZA-VISITA-DEL-PATRIARCA-2022-8.jpg 1000w\" sizes=\"(max-width: 768px) 100vw, 768px\" \/><\/a>\n\t\t\t<\/div><\/figure><figure class='gallery-item'>\n\t\t\t<div class='gallery-icon landscape'>\n\t\t\t\t<a data-elementor-open-lightbox=\"yes\" data-elementor-lightbox-slideshow=\"83606e6\" data-elementor-lightbox-title=\"IVE GAZA VISITA DEL PATRIARCA 2022 (10)\" data-e-action-hash=\"#elementor-action%3Aaction%3Dlightbox%26settings%3DeyJpZCI6MTEyNDEsInVybCI6Imh0dHBzOlwvXC9pdmVpbmFyYWJpYy5vcmdcL3dwLWNvbnRlbnRcL3VwbG9hZHNcLzIwMjJcLzA2XC9JVkUtR0FaQS1WSVNJVEEtREVMLVBBVFJJQVJDQS0yMDIyLTEwLmpwZyIsInNsaWRlc2hvdyI6IjgzNjA2ZTYifQ%3D%3D\" href='https:\/\/iveinarabic.org\/wp-content\/uploads\/2022\/06\/IVE-GAZA-VISITA-DEL-PATRIARCA-2022-10.jpg'><img loading=\"lazy\" decoding=\"async\" width=\"768\" height=\"512\" src=\"https:\/\/iveinarabic.org\/wp-content\/uploads\/2022\/06\/IVE-GAZA-VISITA-DEL-PATRIARCA-2022-10-768x512.jpg\" class=\"attachment-medium_large size-medium_large\" alt=\"\" srcset=\"https:\/\/iveinarabic.org\/wp-content\/uploads\/2022\/06\/IVE-GAZA-VISITA-DEL-PATRIARCA-2022-10-768x512.jpg 768w, https:\/\/iveinarabic.org\/wp-content\/uploads\/2022\/06\/IVE-GAZA-VISITA-DEL-PATRIARCA-2022-10-300x200.jpg 300w, https:\/\/iveinarabic.org\/wp-content\/uploads\/2022\/06\/IVE-GAZA-VISITA-DEL-PATRIARCA-2022-10.jpg 1000w\" sizes=\"(max-width: 768px) 100vw, 768px\" \/><\/a>\n\t\t\t<\/div><\/figure><figure class='gallery-item'>\n\t\t\t<div class='gallery-icon landscape'>\n\t\t\t\t<a data-elementor-open-lightbox=\"yes\" data-elementor-lightbox-slideshow=\"83606e6\" data-elementor-lightbox-title=\"IVE GAZA VISITA DEL PATRIARCA 2022 (16)\" data-e-action-hash=\"#elementor-action%3Aaction%3Dlightbox%26settings%3DeyJpZCI6MTEyNDMsInVybCI6Imh0dHBzOlwvXC9pdmVpbmFyYWJpYy5vcmdcL3dwLWNvbnRlbnRcL3VwbG9hZHNcLzIwMjJcLzA2XC9JVkUtR0FaQS1WSVNJVEEtREVMLVBBVFJJQVJDQS0yMDIyLTE2LmpwZyIsInNsaWRlc2hvdyI6IjgzNjA2ZTYifQ%3D%3D\" href='https:\/\/iveinarabic.org\/wp-content\/uploads\/2022\/06\/IVE-GAZA-VISITA-DEL-PATRIARCA-2022-16.jpg'><img loading=\"lazy\" decoding=\"async\" width=\"768\" height=\"512\" src=\"https:\/\/iveinarabic.org\/wp-content\/uploads\/2022\/06\/IVE-GAZA-VISITA-DEL-PATRIARCA-2022-16-768x512.jpg\" class=\"attachment-medium_large size-medium_large\" alt=\"\" srcset=\"https:\/\/iveinarabic.org\/wp-content\/uploads\/2022\/06\/IVE-GAZA-VISITA-DEL-PATRIARCA-2022-16-768x512.jpg 768w, https:\/\/iveinarabic.org\/wp-content\/uploads\/2022\/06\/IVE-GAZA-VISITA-DEL-PATRIARCA-2022-16-300x200.jpg 300w, https:\/\/iveinarabic.org\/wp-content\/uploads\/2022\/06\/IVE-GAZA-VISITA-DEL-PATRIARCA-2022-16.jpg 1000w\" sizes=\"(max-width: 768px) 100vw, 768px\" \/><\/a>\n\t\t\t<\/div><\/figure><figure class='gallery-item'>\n\t\t\t<div class='gallery-icon landscape'>\n\t\t\t\t<a data-elementor-open-lightbox=\"yes\" data-elementor-lightbox-slideshow=\"83606e6\" data-elementor-lightbox-title=\"IVE GAZA VISITA DEL PATRIARCA 2022 (17)\" data-e-action-hash=\"#elementor-action%3Aaction%3Dlightbox%26settings%3DeyJpZCI6MTEyNDUsInVybCI6Imh0dHBzOlwvXC9pdmVpbmFyYWJpYy5vcmdcL3dwLWNvbnRlbnRcL3VwbG9hZHNcLzIwMjJcLzA2XC9JVkUtR0FaQS1WSVNJVEEtREVMLVBBVFJJQVJDQS0yMDIyLTE3LmpwZyIsInNsaWRlc2hvdyI6IjgzNjA2ZTYifQ%3D%3D\" href='https:\/\/iveinarabic.org\/wp-content\/uploads\/2022\/06\/IVE-GAZA-VISITA-DEL-PATRIARCA-2022-17.jpg'><img loading=\"lazy\" decoding=\"async\" width=\"768\" height=\"512\" src=\"https:\/\/iveinarabic.org\/wp-content\/uploads\/2022\/06\/IVE-GAZA-VISITA-DEL-PATRIARCA-2022-17-768x512.jpg\" class=\"attachment-medium_large size-medium_large\" alt=\"\" srcset=\"https:\/\/iveinarabic.org\/wp-content\/uploads\/2022\/06\/IVE-GAZA-VISITA-DEL-PATRIARCA-2022-17-768x512.jpg 768w, https:\/\/iveinarabic.org\/wp-content\/uploads\/2022\/06\/IVE-GAZA-VISITA-DEL-PATRIARCA-2022-17-300x200.jpg 300w, https:\/\/iveinarabic.org\/wp-content\/uploads\/2022\/06\/IVE-GAZA-VISITA-DEL-PATRIARCA-2022-17.jpg 1000w\" sizes=\"(max-width: 768px) 100vw, 768px\" \/><\/a>\n\t\t\t<\/div><\/figure><figure class='gallery-item'>\n\t\t\t<div class='gallery-icon landscape'>\n\t\t\t\t<a data-elementor-open-lightbox=\"yes\" data-elementor-lightbox-slideshow=\"83606e6\" data-elementor-lightbox-title=\"IVE GAZA VISITA DEL PATRIARCA 2022 (24)\" data-e-action-hash=\"#elementor-action%3Aaction%3Dlightbox%26settings%3DeyJpZCI6MTEyNDcsInVybCI6Imh0dHBzOlwvXC9pdmVpbmFyYWJpYy5vcmdcL3dwLWNvbnRlbnRcL3VwbG9hZHNcLzIwMjJcLzA2XC9JVkUtR0FaQS1WSVNJVEEtREVMLVBBVFJJQVJDQS0yMDIyLTI0LmpwZyIsInNsaWRlc2hvdyI6IjgzNjA2ZTYifQ%3D%3D\" href='https:\/\/iveinarabic.org\/wp-content\/uploads\/2022\/06\/IVE-GAZA-VISITA-DEL-PATRIARCA-2022-24.jpg'><img loading=\"lazy\" decoding=\"async\" width=\"768\" height=\"512\" src=\"https:\/\/iveinarabic.org\/wp-content\/uploads\/2022\/06\/IVE-GAZA-VISITA-DEL-PATRIARCA-2022-24-768x512.jpg\" class=\"attachment-medium_large size-medium_large\" alt=\"\" srcset=\"https:\/\/iveinarabic.org\/wp-content\/uploads\/2022\/06\/IVE-GAZA-VISITA-DEL-PATRIARCA-2022-24-768x512.jpg 768w, https:\/\/iveinarabic.org\/wp-content\/uploads\/2022\/06\/IVE-GAZA-VISITA-DEL-PATRIARCA-2022-24-300x200.jpg 300w, https:\/\/iveinarabic.org\/wp-content\/uploads\/2022\/06\/IVE-GAZA-VISITA-DEL-PATRIARCA-2022-24.jpg 1000w\" sizes=\"(max-width: 768px) 100vw, 768px\" \/><\/a>\n\t\t\t<\/div><\/figure><figure class='gallery-item'>\n\t\t\t<div class='gallery-icon landscape'>\n\t\t\t\t<a data-elementor-open-lightbox=\"yes\" data-elementor-lightbox-slideshow=\"83606e6\" data-elementor-lightbox-title=\"IVE GAZA VISITA DEL PATRIARCA 2022 (25)\" data-e-action-hash=\"#elementor-action%3Aaction%3Dlightbox%26settings%3DeyJpZCI6MTEyNDksInVybCI6Imh0dHBzOlwvXC9pdmVpbmFyYWJpYy5vcmdcL3dwLWNvbnRlbnRcL3VwbG9hZHNcLzIwMjJcLzA2XC9JVkUtR0FaQS1WSVNJVEEtREVMLVBBVFJJQVJDQS0yMDIyLTI1LmpwZyIsInNsaWRlc2hvdyI6IjgzNjA2ZTYifQ%3D%3D\" href='https:\/\/iveinarabic.org\/wp-content\/uploads\/2022\/06\/IVE-GAZA-VISITA-DEL-PATRIARCA-2022-25.jpg'><img loading=\"lazy\" decoding=\"async\" width=\"768\" height=\"512\" src=\"https:\/\/iveinarabic.org\/wp-content\/uploads\/2022\/06\/IVE-GAZA-VISITA-DEL-PATRIARCA-2022-25-768x512.jpg\" class=\"attachment-medium_large size-medium_large\" alt=\"\" srcset=\"https:\/\/iveinarabic.org\/wp-content\/uploads\/2022\/06\/IVE-GAZA-VISITA-DEL-PATRIARCA-2022-25-768x512.jpg 768w, https:\/\/iveinarabic.org\/wp-content\/uploads\/2022\/06\/IVE-GAZA-VISITA-DEL-PATRIARCA-2022-25-300x200.jpg 300w, https:\/\/iveinarabic.org\/wp-content\/uploads\/2022\/06\/IVE-GAZA-VISITA-DEL-PATRIARCA-2022-25.jpg 1000w\" sizes=\"(max-width: 768px) 100vw, 768px\" \/><\/a>\n\t\t\t<\/div><\/figure><figure class='gallery-item'>\n\t\t\t<div class='gallery-icon landscape'>\n\t\t\t\t<a data-elementor-open-lightbox=\"yes\" data-elementor-lightbox-slideshow=\"83606e6\" data-elementor-lightbox-title=\"IVE GAZA VISITA DEL PATRIARCA 2022 (26)\" data-e-action-hash=\"#elementor-action%3Aaction%3Dlightbox%26settings%3DeyJpZCI6MTEyNTEsInVybCI6Imh0dHBzOlwvXC9pdmVpbmFyYWJpYy5vcmdcL3dwLWNvbnRlbnRcL3VwbG9hZHNcLzIwMjJcLzA2XC9JVkUtR0FaQS1WSVNJVEEtREVMLVBBVFJJQVJDQS0yMDIyLTI2LmpwZyIsInNsaWRlc2hvdyI6IjgzNjA2ZTYifQ%3D%3D\" href='https:\/\/iveinarabic.org\/wp-content\/uploads\/2022\/06\/IVE-GAZA-VISITA-DEL-PATRIARCA-2022-26.jpg'><img loading=\"lazy\" decoding=\"async\" width=\"768\" height=\"512\" src=\"https:\/\/iveinarabic.org\/wp-content\/uploads\/2022\/06\/IVE-GAZA-VISITA-DEL-PATRIARCA-2022-26-768x512.jpg\" class=\"attachment-medium_large size-medium_large\" alt=\"\" srcset=\"https:\/\/iveinarabic.org\/wp-content\/uploads\/2022\/06\/IVE-GAZA-VISITA-DEL-PATRIARCA-2022-26-768x512.jpg 768w, https:\/\/iveinarabic.org\/wp-content\/uploads\/2022\/06\/IVE-GAZA-VISITA-DEL-PATRIARCA-2022-26-300x200.jpg 300w, https:\/\/iveinarabic.org\/wp-content\/uploads\/2022\/06\/IVE-GAZA-VISITA-DEL-PATRIARCA-2022-26.jpg 1000w\" sizes=\"(max-width: 768px) 100vw, 768px\" \/><\/a>\n\t\t\t<\/div><\/figure><figure class='gallery-item'>\n\t\t\t<div class='gallery-icon landscape'>\n\t\t\t\t<a data-elementor-open-lightbox=\"yes\" data-elementor-lightbox-slideshow=\"83606e6\" data-elementor-lightbox-title=\"IVE GAZA VISITA DEL PATRIARCA 2022 (28)\" data-e-action-hash=\"#elementor-action%3Aaction%3Dlightbox%26settings%3DeyJpZCI6MTEyNTMsInVybCI6Imh0dHBzOlwvXC9pdmVpbmFyYWJpYy5vcmdcL3dwLWNvbnRlbnRcL3VwbG9hZHNcLzIwMjJcLzA2XC9JVkUtR0FaQS1WSVNJVEEtREVMLVBBVFJJQVJDQS0yMDIyLTI4LmpwZyIsInNsaWRlc2hvdyI6IjgzNjA2ZTYifQ%3D%3D\" href='https:\/\/iveinarabic.org\/wp-content\/uploads\/2022\/06\/IVE-GAZA-VISITA-DEL-PATRIARCA-2022-28.jpg'><img loading=\"lazy\" decoding=\"async\" width=\"768\" height=\"512\" src=\"https:\/\/iveinarabic.org\/wp-content\/uploads\/2022\/06\/IVE-GAZA-VISITA-DEL-PATRIARCA-2022-28-768x512.jpg\" class=\"attachment-medium_large size-medium_large\" alt=\"\" srcset=\"https:\/\/iveinarabic.org\/wp-content\/uploads\/2022\/06\/IVE-GAZA-VISITA-DEL-PATRIARCA-2022-28-768x512.jpg 768w, https:\/\/iveinarabic.org\/wp-content\/uploads\/2022\/06\/IVE-GAZA-VISITA-DEL-PATRIARCA-2022-28-300x200.jpg 300w, https:\/\/iveinarabic.org\/wp-content\/uploads\/2022\/06\/IVE-GAZA-VISITA-DEL-PATRIARCA-2022-28.jpg 1000w\" sizes=\"(max-width: 768px) 100vw, 768px\" \/><\/a>\n\t\t\t<\/div><\/figure><figure class='gallery-item'>\n\t\t\t<div class='gallery-icon landscape'>\n\t\t\t\t<a data-elementor-open-lightbox=\"yes\" data-elementor-lightbox-slideshow=\"83606e6\" data-elementor-lightbox-title=\"IVE GAZA VISITA DEL PATRIARCA 2022 (30)\" data-e-action-hash=\"#elementor-action%3Aaction%3Dlightbox%26settings%3DeyJpZCI6MTEyNTUsInVybCI6Imh0dHBzOlwvXC9pdmVpbmFyYWJpYy5vcmdcL3dwLWNvbnRlbnRcL3VwbG9hZHNcLzIwMjJcLzA2XC9JVkUtR0FaQS1WSVNJVEEtREVMLVBBVFJJQVJDQS0yMDIyLTMwLmpwZyIsInNsaWRlc2hvdyI6IjgzNjA2ZTYifQ%3D%3D\" href='https:\/\/iveinarabic.org\/wp-content\/uploads\/2022\/06\/IVE-GAZA-VISITA-DEL-PATRIARCA-2022-30.jpg'><img loading=\"lazy\" decoding=\"async\" width=\"768\" height=\"512\" src=\"https:\/\/iveinarabic.org\/wp-content\/uploads\/2022\/06\/IVE-GAZA-VISITA-DEL-PATRIARCA-2022-30-768x512.jpg\" class=\"attachment-medium_large size-medium_large\" alt=\"\" srcset=\"https:\/\/iveinarabic.org\/wp-content\/uploads\/2022\/06\/IVE-GAZA-VISITA-DEL-PATRIARCA-2022-30-768x512.jpg 768w, https:\/\/iveinarabic.org\/wp-content\/uploads\/2022\/06\/IVE-GAZA-VISITA-DEL-PATRIARCA-2022-30-300x200.jpg 300w, https:\/\/iveinarabic.org\/wp-content\/uploads\/2022\/06\/IVE-GAZA-VISITA-DEL-PATRIARCA-2022-30.jpg 1000w\" sizes=\"(max-width: 768px) 100vw, 768px\" \/><\/a>\n\t\t\t<\/div><\/figure><figure class='gallery-item'>\n\t\t\t<div class='gallery-icon landscape'>\n\t\t\t\t<a data-elementor-open-lightbox=\"yes\" data-elementor-lightbox-slideshow=\"83606e6\" data-elementor-lightbox-title=\"IVE GAZA VISITA DEL PATRIARCA 2022 (35)\" data-e-action-hash=\"#elementor-action%3Aaction%3Dlightbox%26settings%3DeyJpZCI6MTEyNTcsInVybCI6Imh0dHBzOlwvXC9pdmVpbmFyYWJpYy5vcmdcL3dwLWNvbnRlbnRcL3VwbG9hZHNcLzIwMjJcLzA2XC9JVkUtR0FaQS1WSVNJVEEtREVMLVBBVFJJQVJDQS0yMDIyLTM1LmpwZyIsInNsaWRlc2hvdyI6IjgzNjA2ZTYifQ%3D%3D\" href='https:\/\/iveinarabic.org\/wp-content\/uploads\/2022\/06\/IVE-GAZA-VISITA-DEL-PATRIARCA-2022-35.jpg'><img loading=\"lazy\" decoding=\"async\" width=\"768\" height=\"512\" src=\"https:\/\/iveinarabic.org\/wp-content\/uploads\/2022\/06\/IVE-GAZA-VISITA-DEL-PATRIARCA-2022-35-768x512.jpg\" class=\"attachment-medium_large size-medium_large\" alt=\"\" srcset=\"https:\/\/iveinarabic.org\/wp-content\/uploads\/2022\/06\/IVE-GAZA-VISITA-DEL-PATRIARCA-2022-35-768x512.jpg 768w, https:\/\/iveinarabic.org\/wp-content\/uploads\/2022\/06\/IVE-GAZA-VISITA-DEL-PATRIARCA-2022-35-300x200.jpg 300w, https:\/\/iveinarabic.org\/wp-content\/uploads\/2022\/06\/IVE-GAZA-VISITA-DEL-PATRIARCA-2022-35.jpg 1000w\" sizes=\"(max-width: 768px) 100vw, 768px\" \/><\/a>\n\t\t\t<\/div><\/figure><figure class='gallery-item'>\n\t\t\t<div class='gallery-icon landscape'>\n\t\t\t\t<a data-elementor-open-lightbox=\"yes\" data-elementor-lightbox-slideshow=\"83606e6\" data-elementor-lightbox-title=\"IVE GAZA VISITA DEL PATRIARCA 2022 (36)\" data-e-action-hash=\"#elementor-action%3Aaction%3Dlightbox%26settings%3DeyJpZCI6MTEyNTksInVybCI6Imh0dHBzOlwvXC9pdmVpbmFyYWJpYy5vcmdcL3dwLWNvbnRlbnRcL3VwbG9hZHNcLzIwMjJcLzA2XC9JVkUtR0FaQS1WSVNJVEEtREVMLVBBVFJJQVJDQS0yMDIyLTM2LmpwZyIsInNsaWRlc2hvdyI6IjgzNjA2ZTYifQ%3D%3D\" href='https:\/\/iveinarabic.org\/wp-content\/uploads\/2022\/06\/IVE-GAZA-VISITA-DEL-PATRIARCA-2022-36.jpg'><img loading=\"lazy\" decoding=\"async\" width=\"768\" height=\"512\" src=\"https:\/\/iveinarabic.org\/wp-content\/uploads\/2022\/06\/IVE-GAZA-VISITA-DEL-PATRIARCA-2022-36-768x512.jpg\" class=\"attachment-medium_large size-medium_large\" alt=\"\" srcset=\"https:\/\/iveinarabic.org\/wp-content\/uploads\/2022\/06\/IVE-GAZA-VISITA-DEL-PATRIARCA-2022-36-768x512.jpg 768w, https:\/\/iveinarabic.org\/wp-content\/uploads\/2022\/06\/IVE-GAZA-VISITA-DEL-PATRIARCA-2022-36-300x200.jpg 300w, https:\/\/iveinarabic.org\/wp-content\/uploads\/2022\/06\/IVE-GAZA-VISITA-DEL-PATRIARCA-2022-36.jpg 1000w\" sizes=\"(max-width: 768px) 100vw, 768px\" \/><\/a>\n\t\t\t<\/div><\/figure><figure class='gallery-item'>\n\t\t\t<div class='gallery-icon landscape'>\n\t\t\t\t<a data-elementor-open-lightbox=\"yes\" data-elementor-lightbox-slideshow=\"83606e6\" data-elementor-lightbox-title=\"IVE GAZA VISITA DEL PATRIARCA 2022 (39)\" data-e-action-hash=\"#elementor-action%3Aaction%3Dlightbox%26settings%3DeyJpZCI6MTEyNjEsInVybCI6Imh0dHBzOlwvXC9pdmVpbmFyYWJpYy5vcmdcL3dwLWNvbnRlbnRcL3VwbG9hZHNcLzIwMjJcLzA2XC9JVkUtR0FaQS1WSVNJVEEtREVMLVBBVFJJQVJDQS0yMDIyLTM5LmpwZyIsInNsaWRlc2hvdyI6IjgzNjA2ZTYifQ%3D%3D\" href='https:\/\/iveinarabic.org\/wp-content\/uploads\/2022\/06\/IVE-GAZA-VISITA-DEL-PATRIARCA-2022-39.jpg'><img loading=\"lazy\" decoding=\"async\" width=\"768\" height=\"512\" src=\"https:\/\/iveinarabic.org\/wp-content\/uploads\/2022\/06\/IVE-GAZA-VISITA-DEL-PATRIARCA-2022-39-768x512.jpg\" class=\"attachment-medium_large size-medium_large\" alt=\"\" srcset=\"https:\/\/iveinarabic.org\/wp-content\/uploads\/2022\/06\/IVE-GAZA-VISITA-DEL-PATRIARCA-2022-39-768x512.jpg 768w, https:\/\/iveinarabic.org\/wp-content\/uploads\/2022\/06\/IVE-GAZA-VISITA-DEL-PATRIARCA-2022-39-300x200.jpg 300w, https:\/\/iveinarabic.org\/wp-content\/uploads\/2022\/06\/IVE-GAZA-VISITA-DEL-PATRIARCA-2022-39.jpg 1000w\" sizes=\"(max-width: 768px) 100vw, 768px\" \/><\/a>\n\t\t\t<\/div><\/figure><figure class='gallery-item'>\n\t\t\t<div class='gallery-icon landscape'>\n\t\t\t\t<a data-elementor-open-lightbox=\"yes\" data-elementor-lightbox-slideshow=\"83606e6\" data-elementor-lightbox-title=\"IVE GAZA VISITA DEL PATRIARCA 2022 (40)\" data-e-action-hash=\"#elementor-action%3Aaction%3Dlightbox%26settings%3DeyJpZCI6MTEyNjMsInVybCI6Imh0dHBzOlwvXC9pdmVpbmFyYWJpYy5vcmdcL3dwLWNvbnRlbnRcL3VwbG9hZHNcLzIwMjJcLzA2XC9JVkUtR0FaQS1WSVNJVEEtREVMLVBBVFJJQVJDQS0yMDIyLTQwLmpwZyIsInNsaWRlc2hvdyI6IjgzNjA2ZTYifQ%3D%3D\" href='https:\/\/iveinarabic.org\/wp-content\/uploads\/2022\/06\/IVE-GAZA-VISITA-DEL-PATRIARCA-2022-40.jpg'><img loading=\"lazy\" decoding=\"async\" width=\"768\" height=\"512\" src=\"https:\/\/iveinarabic.org\/wp-content\/uploads\/2022\/06\/IVE-GAZA-VISITA-DEL-PATRIARCA-2022-40-768x512.jpg\" class=\"attachment-medium_large size-medium_large\" alt=\"\" srcset=\"https:\/\/iveinarabic.org\/wp-content\/uploads\/2022\/06\/IVE-GAZA-VISITA-DEL-PATRIARCA-2022-40-768x512.jpg 768w, https:\/\/iveinarabic.org\/wp-content\/uploads\/2022\/06\/IVE-GAZA-VISITA-DEL-PATRIARCA-2022-40-300x200.jpg 300w, https:\/\/iveinarabic.org\/wp-content\/uploads\/2022\/06\/IVE-GAZA-VISITA-DEL-PATRIARCA-2022-40.jpg 1000w\" sizes=\"(max-width: 768px) 100vw, 768px\" \/><\/a>\n\t\t\t<\/div><\/figure><figure class='gallery-item'>\n\t\t\t<div class='gallery-icon landscape'>\n\t\t\t\t<a data-elementor-open-lightbox=\"yes\" data-elementor-lightbox-slideshow=\"83606e6\" data-elementor-lightbox-title=\"IVE GAZA VISITA DEL PATRIARCA 2022 (43)\" data-e-action-hash=\"#elementor-action%3Aaction%3Dlightbox%26settings%3DeyJpZCI6MTEyNjUsInVybCI6Imh0dHBzOlwvXC9pdmVpbmFyYWJpYy5vcmdcL3dwLWNvbnRlbnRcL3VwbG9hZHNcLzIwMjJcLzA2XC9JVkUtR0FaQS1WSVNJVEEtREVMLVBBVFJJQVJDQS0yMDIyLTQzLmpwZyIsInNsaWRlc2hvdyI6IjgzNjA2ZTYifQ%3D%3D\" href='https:\/\/iveinarabic.org\/wp-content\/uploads\/2022\/06\/IVE-GAZA-VISITA-DEL-PATRIARCA-2022-43.jpg'><img loading=\"lazy\" decoding=\"async\" width=\"768\" height=\"512\" src=\"https:\/\/iveinarabic.org\/wp-content\/uploads\/2022\/06\/IVE-GAZA-VISITA-DEL-PATRIARCA-2022-43-768x512.jpg\" class=\"attachment-medium_large size-medium_large\" alt=\"\" srcset=\"https:\/\/iveinarabic.org\/wp-content\/uploads\/2022\/06\/IVE-GAZA-VISITA-DEL-PATRIARCA-2022-43-768x512.jpg 768w, https:\/\/iveinarabic.org\/wp-content\/uploads\/2022\/06\/IVE-GAZA-VISITA-DEL-PATRIARCA-2022-43-300x200.jpg 300w, https:\/\/iveinarabic.org\/wp-content\/uploads\/2022\/06\/IVE-GAZA-VISITA-DEL-PATRIARCA-2022-43.jpg 1000w\" sizes=\"(max-width: 768px) 100vw, 768px\" \/><\/a>\n\t\t\t<\/div><\/figure><figure class='gallery-item'>\n\t\t\t<div class='gallery-icon landscape'>\n\t\t\t\t<a data-elementor-open-lightbox=\"yes\" data-elementor-lightbox-slideshow=\"83606e6\" data-elementor-lightbox-title=\"IVE GAZA VISITA DEL PATRIARCA 2022 (53)\" data-e-action-hash=\"#elementor-action%3Aaction%3Dlightbox%26settings%3DeyJpZCI6MTEyNjcsInVybCI6Imh0dHBzOlwvXC9pdmVpbmFyYWJpYy5vcmdcL3dwLWNvbnRlbnRcL3VwbG9hZHNcLzIwMjJcLzA2XC9JVkUtR0FaQS1WSVNJVEEtREVMLVBBVFJJQVJDQS0yMDIyLTUzLmpwZyIsInNsaWRlc2hvdyI6IjgzNjA2ZTYifQ%3D%3D\" href='https:\/\/iveinarabic.org\/wp-content\/uploads\/2022\/06\/IVE-GAZA-VISITA-DEL-PATRIARCA-2022-53.jpg'><img loading=\"lazy\" decoding=\"async\" width=\"768\" height=\"512\" src=\"https:\/\/iveinarabic.org\/wp-content\/uploads\/2022\/06\/IVE-GAZA-VISITA-DEL-PATRIARCA-2022-53-768x512.jpg\" class=\"attachment-medium_large size-medium_large\" alt=\"\" srcset=\"https:\/\/iveinarabic.org\/wp-content\/uploads\/2022\/06\/IVE-GAZA-VISITA-DEL-PATRIARCA-2022-53-768x512.jpg 768w, https:\/\/iveinarabic.org\/wp-content\/uploads\/2022\/06\/IVE-GAZA-VISITA-DEL-PATRIARCA-2022-53-300x200.jpg 300w, https:\/\/iveinarabic.org\/wp-content\/uploads\/2022\/06\/IVE-GAZA-VISITA-DEL-PATRIARCA-2022-53.jpg 1000w\" sizes=\"(max-width: 768px) 100vw, 768px\" \/><\/a>\n\t\t\t<\/div><\/figure><figure class='gallery-item'>\n\t\t\t<div class='gallery-icon landscape'>\n\t\t\t\t<a data-elementor-open-lightbox=\"yes\" data-elementor-lightbox-slideshow=\"83606e6\" data-elementor-lightbox-title=\"IVE GAZA VISITA DEL PATRIARCA 2022 (54)\" data-e-action-hash=\"#elementor-action%3Aaction%3Dlightbox%26settings%3DeyJpZCI6MTEyNjksInVybCI6Imh0dHBzOlwvXC9pdmVpbmFyYWJpYy5vcmdcL3dwLWNvbnRlbnRcL3VwbG9hZHNcLzIwMjJcLzA2XC9JVkUtR0FaQS1WSVNJVEEtREVMLVBBVFJJQVJDQS0yMDIyLTU0LmpwZyIsInNsaWRlc2hvdyI6IjgzNjA2ZTYifQ%3D%3D\" href='https:\/\/iveinarabic.org\/wp-content\/uploads\/2022\/06\/IVE-GAZA-VISITA-DEL-PATRIARCA-2022-54.jpg'><img loading=\"lazy\" decoding=\"async\" width=\"768\" height=\"512\" src=\"https:\/\/iveinarabic.org\/wp-content\/uploads\/2022\/06\/IVE-GAZA-VISITA-DEL-PATRIARCA-2022-54-768x512.jpg\" class=\"attachment-medium_large size-medium_large\" alt=\"\" srcset=\"https:\/\/iveinarabic.org\/wp-content\/uploads\/2022\/06\/IVE-GAZA-VISITA-DEL-PATRIARCA-2022-54-768x512.jpg 768w, https:\/\/iveinarabic.org\/wp-content\/uploads\/2022\/06\/IVE-GAZA-VISITA-DEL-PATRIARCA-2022-54-300x200.jpg 300w, https:\/\/iveinarabic.org\/wp-content\/uploads\/2022\/06\/IVE-GAZA-VISITA-DEL-PATRIARCA-2022-54.jpg 1000w\" sizes=\"(max-width: 768px) 100vw, 768px\" \/><\/a>\n\t\t\t<\/div><\/figure>\n\t\t<\/div>\n\t\t<\/div>\n\t\t\t\t\t\t<\/div>\n\t\t\t\t<\/div>\n\t\t\t\t\t<\/div>\n\t\t<\/div>\n\t\t\t\t\t<\/div>\n\t\t<\/section>\n\t\t\t\t<\/div>\n\t\t","protected":false},"excerpt":{"rendered":"<p>GAZA \u2013 Dos veces al a\u00f1o, Su Beatitud Mons. Pierbattista Pizzaballa, Patriarca Latino de Jerusal\u00e9n, viaja a Gaza para encontrarse con la comunidad cristiana existente en la Franja. En esta ocasi\u00f3n estuvo acompa\u00f1ado por el P. Davide Meli, Canciller del Patriarcado Latino, el P. Carlos Ferrero, IVE, y Abdallah Dababneh, seminarista del Patriarcado. Cinco d\u00edas [&hellip;]<\/p>\n","protected":false},"author":4,"featured_media":11225,"comment_status":"closed","ping_status":"closed","sticky":false,"template":"","format":"standard","meta":{"_acf_changed":false,"ocean_post_layout":"","ocean_both_sidebars_style":"","ocean_both_sidebars_content_width":0,"ocean_both_sidebars_sidebars_width":0,"ocean_sidebar":"0","ocean_second_sidebar":"0","ocean_disable_margins":"enable","ocean_add_body_class":"","ocean_shortcode_before_top_bar":"","ocean_shortcode_after_top_bar":"","ocean_shortcode_before_header":"","ocean_shortcode_after_header":"","ocean_has_shortcode":"","ocean_shortcode_after_title":"","ocean_shortcode_before_footer_widgets":"","ocean_shortcode_after_footer_widgets":"","ocean_shortcode_before_footer_bottom":"","ocean_shortcode_after_footer_bottom":"","ocean_display_top_bar":"default","ocean_display_header":"default","ocean_header_style":"","ocean_center_header_left_menu":"0","ocean_custom_header_template":"0","ocean_custom_logo":0,"ocean_custom_retina_logo":0,"ocean_custom_logo_max_width":0,"ocean_custom_logo_tablet_max_width":0,"ocean_custom_logo_mobile_max_width":0,"ocean_custom_logo_max_height":0,"ocean_custom_logo_tablet_max_height":0,"ocean_custom_logo_mobile_max_height":0,"ocean_header_custom_menu":"0","ocean_menu_typo_font_family":"0","ocean_menu_typo_font_subset":"","ocean_menu_typo_font_size":0,"ocean_menu_typo_font_size_tablet":0,"ocean_menu_typo_font_size_mobile":0,"ocean_menu_typo_font_size_unit":"px","ocean_menu_typo_font_weight":"","ocean_menu_typo_font_weight_tablet":"","ocean_menu_typo_font_weight_mobile":"","ocean_menu_typo_transform":"","ocean_menu_typo_transform_tablet":"","ocean_menu_typo_transform_mobile":"","ocean_menu_typo_line_height":0,"ocean_menu_typo_line_height_tablet":0,"ocean_menu_typo_line_height_mobile":0,"ocean_menu_typo_line_height_unit":"","ocean_menu_typo_spacing":0,"ocean_menu_typo_spacing_tablet":0,"ocean_menu_typo_spacing_mobile":0,"ocean_menu_typo_spacing_unit":"","ocean_menu_link_color":"","ocean_menu_link_color_hover":"","ocean_menu_link_color_active":"","ocean_menu_link_background":"","ocean_menu_link_hover_background":"","ocean_menu_link_active_background":"","ocean_menu_social_links_bg":"","ocean_menu_social_hover_links_bg":"","ocean_menu_social_links_color":"","ocean_menu_social_hover_links_color":"","ocean_disable_title":"default","ocean_disable_heading":"default","ocean_post_title":"","ocean_post_subheading":"","ocean_post_title_style":"","ocean_post_title_background_color":"","ocean_post_title_background":0,"ocean_post_title_bg_image_position":"","ocean_post_title_bg_image_attachment":"","ocean_post_title_bg_image_repeat":"","ocean_post_title_bg_image_size":"","ocean_post_title_height":0,"ocean_post_title_bg_overlay":0.5,"ocean_post_title_bg_overlay_color":"","ocean_disable_breadcrumbs":"default","ocean_breadcrumbs_color":"","ocean_breadcrumbs_separator_color":"","ocean_breadcrumbs_links_color":"","ocean_breadcrumbs_links_hover_color":"","ocean_display_footer_widgets":"default","ocean_display_footer_bottom":"default","ocean_custom_footer_template":"0","ocean_post_oembed":"","ocean_post_self_hosted_media":"","ocean_post_video_embed":"","ocean_link_format":"","ocean_link_format_target":"self","ocean_quote_format":"","ocean_quote_format_link":"post","ocean_gallery_link_images":"on","ocean_gallery_id":[],"footnotes":""},"categories":[51],"tags":[],"class_list":["post-11273","post","type-post","status-publish","format-standard","has-post-thumbnail","hentry","category-tierra-santa","entry","has-media"],"acf":[],"_links":{"self":[{"href":"https:\/\/iveinarabic.org\/es\/wp-json\/wp\/v2\/posts\/11273","targetHints":{"allow":["GET"]}}],"collection":[{"href":"https:\/\/iveinarabic.org\/es\/wp-json\/wp\/v2\/posts"}],"about":[{"href":"https:\/\/iveinarabic.org\/es\/wp-json\/wp\/v2\/types\/post"}],"author":[{"embeddable":true,"href":"https:\/\/iveinarabic.org\/es\/wp-json\/wp\/v2\/users\/4"}],"replies":[{"embeddable":true,"href":"https:\/\/iveinarabic.org\/es\/wp-json\/wp\/v2\/comments?post=11273"}],"version-history":[{"count":1,"href":"https:\/\/iveinarabic.org\/es\/wp-json\/wp\/v2\/posts\/11273\/revisions"}],"predecessor-version":[{"id":11274,"href":"https:\/\/iveinarabic.org\/es\/wp-json\/wp\/v2\/posts\/11273\/revisions\/11274"}],"wp:featuredmedia":[{"embeddable":true,"href":"https:\/\/iveinarabic.org\/es\/wp-json\/wp\/v2\/media\/11225"}],"wp:attachment":[{"href":"https:\/\/iveinarabic.org\/es\/wp-json\/wp\/v2\/media?parent=11273"}],"wp:term":[{"taxonomy":"category","embeddable":true,"href":"https:\/\/iveinarabic.org\/es\/wp-json\/wp\/v2\/categories?post=11273"},{"taxonomy":"post_tag","embeddable":true,"href":"https:\/\/iveinarabic.org\/es\/wp-json\/wp\/v2\/tags?post=11273"}],"curies":[{"name":"wp","href":"https:\/\/api.w.org\/{rel}","templated":true}]}}