{"id":13301,"date":"2024-02-16T10:51:08","date_gmt":"2024-02-16T10:51:08","guid":{"rendered":"https:\/\/www.iveinarabic.org\/ocho-ninos-de-la-parroquia-de-gaza-reciben-la-primera-comunion\/"},"modified":"2024-02-16T10:52:06","modified_gmt":"2024-02-16T10:52:06","slug":"ocho-ninos-de-la-parroquia-de-gaza-reciben-la-primera-comunion","status":"publish","type":"post","link":"https:\/\/iveinarabic.org\/es\/ocho-ninos-de-la-parroquia-de-gaza-reciben-la-primera-comunion\/","title":{"rendered":"Ocho Ni\u00f1os De La Parroquia De Gaza Reciben La Primera Comuni\u00f3n"},"content":{"rendered":"\t\t<div data-elementor-type=\"wp-post\" data-elementor-id=\"13301\" class=\"elementor elementor-13301 elementor-13269\" data-elementor-post-type=\"post\">\n\t\t\t\t\t\t<section class=\"elementor-section elementor-top-section elementor-element elementor-element-947b2ec elementor-section-boxed elementor-section-height-default elementor-section-height-default\" data-id=\"947b2ec\" data-element_type=\"section\" data-e-type=\"section\" data-settings=\"{&quot;jet_parallax_layout_list&quot;:[]}\">\n\t\t\t\t\t\t<div class=\"elementor-container elementor-column-gap-default\">\n\t\t\t\t\t<div class=\"elementor-column elementor-col-100 elementor-top-column elementor-element elementor-element-7743250\" data-id=\"7743250\" data-element_type=\"column\" data-e-type=\"column\">\n\t\t\t<div class=\"elementor-widget-wrap elementor-element-populated\">\n\t\t\t\t\t\t<div class=\"elementor-element elementor-element-63883c1 elementor-widget elementor-widget-text-editor\" data-id=\"63883c1\" data-element_type=\"widget\" data-e-type=\"widget\" data-widget_type=\"text-editor.default\">\n\t\t\t\t<div class=\"elementor-widget-container\">\n\t\t\t\t\t\t\t\t\t<p><strong><em>El domingo 7 de enero de 2024, en la fiesta del Bautismo del Se\u00f1or, tambi\u00e9n conocida como Teofan\u00eda, el P. Yousef, sacerdote vicario de la parroquia latina de Gaza, administr\u00f3 el sacramento <\/em><\/strong><strong><em>de la Primera Comuni\u00f3n a ocho ni\u00f1os y ni\u00f1as de la parroquia despu\u00e9s de completar su programa de preparaci\u00f3n y educaci\u00f3n, a pesar de la guerra. Durante los \u00faltimos tres meses, los Sacramentos de la Iglesia han continuado siendo administrados en la Iglesia de la Sagrada Familia de Gaza, se\u00f1alando que el Sacramento del Bautismo tambi\u00e9n se le dio a un ni\u00f1o hace un tiempo.<\/em><\/strong><\/p>\n<p>La guerra no ha impedido que las gracias divinas contin\u00faen sucedi\u00e9ndose. Anteriormente hemos sido testigos de su capacidad para abrir una sala de producci\u00f3n privada para producir el pan especial (la hostia), que se usa durante la Misa. El Cardenal Pierbattista, Patriarca Latino de Jerusal\u00e9n, ha expresado en otras ocasiones la fortaleza y la fe inquebrantable que demuestran los feligreses de Gaza, de la que ha sido testigo durante sus visitas de reconocimiento a quienes se refugian en el monasterio.<\/p>\n<p>Observamos, a partir de las im\u00e1genes compartidas en la p\u00e1gina de Facebook de la parroquia, que la parroquia de Gaza ha continuado celebrando la Misa diaria. Muchos de los enfermos se han refugiado en los muros de la Iglesia, lo que tambi\u00e9n les permite recibir diariamente los sacramentos de la Iglesia.<\/p>\n<p>Seguimos orando por nuestra gente en Gaza, para que Dios les d\u00e9 fuerza y paciencia durante estos tiempos dif\u00edciles. Y seguimos abogando por un alto el fuego inmediato y esperamos que se lleve a cabo un plan integral de paz y justicia.<\/p>\n<p>&nbsp;<\/p>\n\t\t\t\t\t\t\t\t<\/div>\n\t\t\t\t<\/div>\n\t\t\t\t\t<\/div>\n\t\t<\/div>\n\t\t\t\t\t<\/div>\n\t\t<\/section>\n\t\t\t\t<section class=\"elementor-section elementor-top-section elementor-element elementor-element-1deac1b elementor-section-boxed elementor-section-height-default elementor-section-height-default\" data-id=\"1deac1b\" data-element_type=\"section\" data-e-type=\"section\" data-settings=\"{&quot;jet_parallax_layout_list&quot;:[]}\">\n\t\t\t\t\t\t<div class=\"elementor-container elementor-column-gap-default\">\n\t\t\t\t\t<div class=\"elementor-column elementor-col-100 elementor-top-column elementor-element elementor-element-e2e04dd\" data-id=\"e2e04dd\" data-element_type=\"column\" data-e-type=\"column\">\n\t\t\t<div class=\"elementor-widget-wrap elementor-element-populated\">\n\t\t\t\t\t\t<div class=\"elementor-element elementor-element-cfc4e3b elementor-widget elementor-widget-image-gallery\" data-id=\"cfc4e3b\" data-element_type=\"widget\" data-e-type=\"widget\" data-widget_type=\"image-gallery.default\">\n\t\t\t\t<div class=\"elementor-widget-container\">\n\t\t\t\t\t\t\t<div class=\"elementor-image-gallery\">\n\t\t\t<div id='gallery-1' class='gallery galleryid-13301 gallery-columns-4 gallery-size-medium_large'><figure class='gallery-item'>\n\t\t\t<div class='gallery-icon landscape'>\n\t\t\t\t<a data-elementor-open-lightbox=\"yes\" data-elementor-lightbox-slideshow=\"cfc4e3b\" data-elementor-lightbox-title=\"Primera comunion en Gaza 2024 (17)\" data-e-action-hash=\"#elementor-action%3Aaction%3Dlightbox%26settings%3DeyJpZCI6MTMyNzUsInVybCI6Imh0dHBzOlwvXC9pdmVpbmFyYWJpYy5vcmdcL3dwLWNvbnRlbnRcL3VwbG9hZHNcLzIwMjRcLzAyXC9QcmltZXJhLWNvbXVuaW9uLWVuLUdhemEtMjAyNC0xNy5qcGciLCJzbGlkZXNob3ciOiJjZmM0ZTNiIn0%3D\" href='https:\/\/iveinarabic.org\/wp-content\/uploads\/2024\/02\/Primera-comunion-en-Gaza-2024-17.jpg'><img fetchpriority=\"high\" decoding=\"async\" width=\"768\" height=\"576\" src=\"https:\/\/iveinarabic.org\/wp-content\/uploads\/2024\/02\/Primera-comunion-en-Gaza-2024-17-768x576.jpg\" class=\"attachment-medium_large size-medium_large\" alt=\"\" srcset=\"https:\/\/iveinarabic.org\/wp-content\/uploads\/2024\/02\/Primera-comunion-en-Gaza-2024-17-768x576.jpg 768w, https:\/\/iveinarabic.org\/wp-content\/uploads\/2024\/02\/Primera-comunion-en-Gaza-2024-17-300x225.jpg 300w, https:\/\/iveinarabic.org\/wp-content\/uploads\/2024\/02\/Primera-comunion-en-Gaza-2024-17-1024x768.jpg 1024w, https:\/\/iveinarabic.org\/wp-content\/uploads\/2024\/02\/Primera-comunion-en-Gaza-2024-17.jpg 1080w\" sizes=\"(max-width: 768px) 100vw, 768px\" \/><\/a>\n\t\t\t<\/div><\/figure><figure class='gallery-item'>\n\t\t\t<div class='gallery-icon landscape'>\n\t\t\t\t<a data-elementor-open-lightbox=\"yes\" data-elementor-lightbox-slideshow=\"cfc4e3b\" data-elementor-lightbox-title=\"Primera comunion en Gaza 2024 (1)\" data-e-action-hash=\"#elementor-action%3Aaction%3Dlightbox%26settings%3DeyJpZCI6MTMyNzcsInVybCI6Imh0dHBzOlwvXC9pdmVpbmFyYWJpYy5vcmdcL3dwLWNvbnRlbnRcL3VwbG9hZHNcLzIwMjRcLzAyXC9QcmltZXJhLWNvbXVuaW9uLWVuLUdhemEtMjAyNC0xLmpwZyIsInNsaWRlc2hvdyI6ImNmYzRlM2IifQ%3D%3D\" href='https:\/\/iveinarabic.org\/wp-content\/uploads\/2024\/02\/Primera-comunion-en-Gaza-2024-1.jpg'><img decoding=\"async\" width=\"768\" height=\"576\" src=\"https:\/\/iveinarabic.org\/wp-content\/uploads\/2024\/02\/Primera-comunion-en-Gaza-2024-1-768x576.jpg\" class=\"attachment-medium_large size-medium_large\" alt=\"\" srcset=\"https:\/\/iveinarabic.org\/wp-content\/uploads\/2024\/02\/Primera-comunion-en-Gaza-2024-1-768x576.jpg 768w, https:\/\/iveinarabic.org\/wp-content\/uploads\/2024\/02\/Primera-comunion-en-Gaza-2024-1-300x225.jpg 300w, https:\/\/iveinarabic.org\/wp-content\/uploads\/2024\/02\/Primera-comunion-en-Gaza-2024-1-1024x768.jpg 1024w, https:\/\/iveinarabic.org\/wp-content\/uploads\/2024\/02\/Primera-comunion-en-Gaza-2024-1.jpg 1080w\" sizes=\"(max-width: 768px) 100vw, 768px\" \/><\/a>\n\t\t\t<\/div><\/figure><figure class='gallery-item'>\n\t\t\t<div class='gallery-icon landscape'>\n\t\t\t\t<a data-elementor-open-lightbox=\"yes\" data-elementor-lightbox-slideshow=\"cfc4e3b\" data-elementor-lightbox-title=\"Primera comunion en Gaza 2024 (2)\" data-e-action-hash=\"#elementor-action%3Aaction%3Dlightbox%26settings%3DeyJpZCI6MTMyNzksInVybCI6Imh0dHBzOlwvXC9pdmVpbmFyYWJpYy5vcmdcL3dwLWNvbnRlbnRcL3VwbG9hZHNcLzIwMjRcLzAyXC9QcmltZXJhLWNvbXVuaW9uLWVuLUdhemEtMjAyNC0yLmpwZyIsInNsaWRlc2hvdyI6ImNmYzRlM2IifQ%3D%3D\" href='https:\/\/iveinarabic.org\/wp-content\/uploads\/2024\/02\/Primera-comunion-en-Gaza-2024-2.jpg'><img decoding=\"async\" width=\"768\" height=\"576\" src=\"https:\/\/iveinarabic.org\/wp-content\/uploads\/2024\/02\/Primera-comunion-en-Gaza-2024-2-768x576.jpg\" class=\"attachment-medium_large size-medium_large\" alt=\"\" srcset=\"https:\/\/iveinarabic.org\/wp-content\/uploads\/2024\/02\/Primera-comunion-en-Gaza-2024-2-768x576.jpg 768w, https:\/\/iveinarabic.org\/wp-content\/uploads\/2024\/02\/Primera-comunion-en-Gaza-2024-2-300x225.jpg 300w, https:\/\/iveinarabic.org\/wp-content\/uploads\/2024\/02\/Primera-comunion-en-Gaza-2024-2-1024x768.jpg 1024w, https:\/\/iveinarabic.org\/wp-content\/uploads\/2024\/02\/Primera-comunion-en-Gaza-2024-2.jpg 1080w\" sizes=\"(max-width: 768px) 100vw, 768px\" \/><\/a>\n\t\t\t<\/div><\/figure><figure class='gallery-item'>\n\t\t\t<div class='gallery-icon landscape'>\n\t\t\t\t<a data-elementor-open-lightbox=\"yes\" data-elementor-lightbox-slideshow=\"cfc4e3b\" data-elementor-lightbox-title=\"Primera comunion en Gaza 2024 (3)\" data-e-action-hash=\"#elementor-action%3Aaction%3Dlightbox%26settings%3DeyJpZCI6MTMyODEsInVybCI6Imh0dHBzOlwvXC9pdmVpbmFyYWJpYy5vcmdcL3dwLWNvbnRlbnRcL3VwbG9hZHNcLzIwMjRcLzAyXC9QcmltZXJhLWNvbXVuaW9uLWVuLUdhemEtMjAyNC0zLmpwZyIsInNsaWRlc2hvdyI6ImNmYzRlM2IifQ%3D%3D\" href='https:\/\/iveinarabic.org\/wp-content\/uploads\/2024\/02\/Primera-comunion-en-Gaza-2024-3.jpg'><img loading=\"lazy\" decoding=\"async\" width=\"768\" height=\"576\" src=\"https:\/\/iveinarabic.org\/wp-content\/uploads\/2024\/02\/Primera-comunion-en-Gaza-2024-3-768x576.jpg\" class=\"attachment-medium_large size-medium_large\" alt=\"\" srcset=\"https:\/\/iveinarabic.org\/wp-content\/uploads\/2024\/02\/Primera-comunion-en-Gaza-2024-3-768x576.jpg 768w, https:\/\/iveinarabic.org\/wp-content\/uploads\/2024\/02\/Primera-comunion-en-Gaza-2024-3-300x225.jpg 300w, https:\/\/iveinarabic.org\/wp-content\/uploads\/2024\/02\/Primera-comunion-en-Gaza-2024-3-1024x768.jpg 1024w, https:\/\/iveinarabic.org\/wp-content\/uploads\/2024\/02\/Primera-comunion-en-Gaza-2024-3.jpg 1080w\" sizes=\"(max-width: 768px) 100vw, 768px\" \/><\/a>\n\t\t\t<\/div><\/figure><figure class='gallery-item'>\n\t\t\t<div class='gallery-icon landscape'>\n\t\t\t\t<a data-elementor-open-lightbox=\"yes\" data-elementor-lightbox-slideshow=\"cfc4e3b\" data-elementor-lightbox-title=\"Primera comunion en Gaza 2024 (4)\" data-e-action-hash=\"#elementor-action%3Aaction%3Dlightbox%26settings%3DeyJpZCI6MTMyODMsInVybCI6Imh0dHBzOlwvXC9pdmVpbmFyYWJpYy5vcmdcL3dwLWNvbnRlbnRcL3VwbG9hZHNcLzIwMjRcLzAyXC9QcmltZXJhLWNvbXVuaW9uLWVuLUdhemEtMjAyNC00LmpwZyIsInNsaWRlc2hvdyI6ImNmYzRlM2IifQ%3D%3D\" href='https:\/\/iveinarabic.org\/wp-content\/uploads\/2024\/02\/Primera-comunion-en-Gaza-2024-4.jpg'><img loading=\"lazy\" decoding=\"async\" width=\"768\" height=\"576\" src=\"https:\/\/iveinarabic.org\/wp-content\/uploads\/2024\/02\/Primera-comunion-en-Gaza-2024-4-768x576.jpg\" class=\"attachment-medium_large size-medium_large\" alt=\"\" srcset=\"https:\/\/iveinarabic.org\/wp-content\/uploads\/2024\/02\/Primera-comunion-en-Gaza-2024-4-768x576.jpg 768w, https:\/\/iveinarabic.org\/wp-content\/uploads\/2024\/02\/Primera-comunion-en-Gaza-2024-4-300x225.jpg 300w, https:\/\/iveinarabic.org\/wp-content\/uploads\/2024\/02\/Primera-comunion-en-Gaza-2024-4-1024x768.jpg 1024w, https:\/\/iveinarabic.org\/wp-content\/uploads\/2024\/02\/Primera-comunion-en-Gaza-2024-4.jpg 1080w\" sizes=\"(max-width: 768px) 100vw, 768px\" \/><\/a>\n\t\t\t<\/div><\/figure><figure class='gallery-item'>\n\t\t\t<div class='gallery-icon landscape'>\n\t\t\t\t<a data-elementor-open-lightbox=\"yes\" data-elementor-lightbox-slideshow=\"cfc4e3b\" data-elementor-lightbox-title=\"Primera comunion en Gaza 2024 (6)\" data-e-action-hash=\"#elementor-action%3Aaction%3Dlightbox%26settings%3DeyJpZCI6MTMyODUsInVybCI6Imh0dHBzOlwvXC9pdmVpbmFyYWJpYy5vcmdcL3dwLWNvbnRlbnRcL3VwbG9hZHNcLzIwMjRcLzAyXC9QcmltZXJhLWNvbXVuaW9uLWVuLUdhemEtMjAyNC02LmpwZyIsInNsaWRlc2hvdyI6ImNmYzRlM2IifQ%3D%3D\" href='https:\/\/iveinarabic.org\/wp-content\/uploads\/2024\/02\/Primera-comunion-en-Gaza-2024-6.jpg'><img loading=\"lazy\" decoding=\"async\" width=\"768\" height=\"576\" src=\"https:\/\/iveinarabic.org\/wp-content\/uploads\/2024\/02\/Primera-comunion-en-Gaza-2024-6-768x576.jpg\" class=\"attachment-medium_large size-medium_large\" alt=\"\" srcset=\"https:\/\/iveinarabic.org\/wp-content\/uploads\/2024\/02\/Primera-comunion-en-Gaza-2024-6-768x576.jpg 768w, https:\/\/iveinarabic.org\/wp-content\/uploads\/2024\/02\/Primera-comunion-en-Gaza-2024-6-300x225.jpg 300w, https:\/\/iveinarabic.org\/wp-content\/uploads\/2024\/02\/Primera-comunion-en-Gaza-2024-6-1024x768.jpg 1024w, https:\/\/iveinarabic.org\/wp-content\/uploads\/2024\/02\/Primera-comunion-en-Gaza-2024-6.jpg 1080w\" sizes=\"(max-width: 768px) 100vw, 768px\" \/><\/a>\n\t\t\t<\/div><\/figure><figure class='gallery-item'>\n\t\t\t<div class='gallery-icon landscape'>\n\t\t\t\t<a data-elementor-open-lightbox=\"yes\" data-elementor-lightbox-slideshow=\"cfc4e3b\" data-elementor-lightbox-title=\"Primera comunion en Gaza 2024 (7)\" data-e-action-hash=\"#elementor-action%3Aaction%3Dlightbox%26settings%3DeyJpZCI6MTMyODcsInVybCI6Imh0dHBzOlwvXC9pdmVpbmFyYWJpYy5vcmdcL3dwLWNvbnRlbnRcL3VwbG9hZHNcLzIwMjRcLzAyXC9QcmltZXJhLWNvbXVuaW9uLWVuLUdhemEtMjAyNC03LmpwZyIsInNsaWRlc2hvdyI6ImNmYzRlM2IifQ%3D%3D\" href='https:\/\/iveinarabic.org\/wp-content\/uploads\/2024\/02\/Primera-comunion-en-Gaza-2024-7.jpg'><img loading=\"lazy\" decoding=\"async\" width=\"768\" height=\"576\" src=\"https:\/\/iveinarabic.org\/wp-content\/uploads\/2024\/02\/Primera-comunion-en-Gaza-2024-7-768x576.jpg\" class=\"attachment-medium_large size-medium_large\" alt=\"\" srcset=\"https:\/\/iveinarabic.org\/wp-content\/uploads\/2024\/02\/Primera-comunion-en-Gaza-2024-7-768x576.jpg 768w, https:\/\/iveinarabic.org\/wp-content\/uploads\/2024\/02\/Primera-comunion-en-Gaza-2024-7-300x225.jpg 300w, https:\/\/iveinarabic.org\/wp-content\/uploads\/2024\/02\/Primera-comunion-en-Gaza-2024-7-1024x768.jpg 1024w, https:\/\/iveinarabic.org\/wp-content\/uploads\/2024\/02\/Primera-comunion-en-Gaza-2024-7.jpg 1080w\" sizes=\"(max-width: 768px) 100vw, 768px\" \/><\/a>\n\t\t\t<\/div><\/figure><figure class='gallery-item'>\n\t\t\t<div class='gallery-icon landscape'>\n\t\t\t\t<a data-elementor-open-lightbox=\"yes\" data-elementor-lightbox-slideshow=\"cfc4e3b\" data-elementor-lightbox-title=\"Primera comunion en Gaza 2024 (11)\" data-e-action-hash=\"#elementor-action%3Aaction%3Dlightbox%26settings%3DeyJpZCI6MTMyODksInVybCI6Imh0dHBzOlwvXC9pdmVpbmFyYWJpYy5vcmdcL3dwLWNvbnRlbnRcL3VwbG9hZHNcLzIwMjRcLzAyXC9QcmltZXJhLWNvbXVuaW9uLWVuLUdhemEtMjAyNC0xMS5qcGciLCJzbGlkZXNob3ciOiJjZmM0ZTNiIn0%3D\" href='https:\/\/iveinarabic.org\/wp-content\/uploads\/2024\/02\/Primera-comunion-en-Gaza-2024-11.jpg'><img loading=\"lazy\" decoding=\"async\" width=\"768\" height=\"576\" src=\"https:\/\/iveinarabic.org\/wp-content\/uploads\/2024\/02\/Primera-comunion-en-Gaza-2024-11-768x576.jpg\" class=\"attachment-medium_large size-medium_large\" alt=\"\" srcset=\"https:\/\/iveinarabic.org\/wp-content\/uploads\/2024\/02\/Primera-comunion-en-Gaza-2024-11-768x576.jpg 768w, https:\/\/iveinarabic.org\/wp-content\/uploads\/2024\/02\/Primera-comunion-en-Gaza-2024-11-300x225.jpg 300w, https:\/\/iveinarabic.org\/wp-content\/uploads\/2024\/02\/Primera-comunion-en-Gaza-2024-11-1024x768.jpg 1024w, https:\/\/iveinarabic.org\/wp-content\/uploads\/2024\/02\/Primera-comunion-en-Gaza-2024-11.jpg 1080w\" sizes=\"(max-width: 768px) 100vw, 768px\" \/><\/a>\n\t\t\t<\/div><\/figure><figure class='gallery-item'>\n\t\t\t<div class='gallery-icon landscape'>\n\t\t\t\t<a data-elementor-open-lightbox=\"yes\" data-elementor-lightbox-slideshow=\"cfc4e3b\" data-elementor-lightbox-title=\"Primera comunion en Gaza 2024 (12)\" data-e-action-hash=\"#elementor-action%3Aaction%3Dlightbox%26settings%3DeyJpZCI6MTMyOTEsInVybCI6Imh0dHBzOlwvXC9pdmVpbmFyYWJpYy5vcmdcL3dwLWNvbnRlbnRcL3VwbG9hZHNcLzIwMjRcLzAyXC9QcmltZXJhLWNvbXVuaW9uLWVuLUdhemEtMjAyNC0xMi5qcGciLCJzbGlkZXNob3ciOiJjZmM0ZTNiIn0%3D\" href='https:\/\/iveinarabic.org\/wp-content\/uploads\/2024\/02\/Primera-comunion-en-Gaza-2024-12.jpg'><img loading=\"lazy\" decoding=\"async\" width=\"768\" height=\"614\" src=\"https:\/\/iveinarabic.org\/wp-content\/uploads\/2024\/02\/Primera-comunion-en-Gaza-2024-12-768x614.jpg\" class=\"attachment-medium_large size-medium_large\" alt=\"\" srcset=\"https:\/\/iveinarabic.org\/wp-content\/uploads\/2024\/02\/Primera-comunion-en-Gaza-2024-12-768x614.jpg 768w, https:\/\/iveinarabic.org\/wp-content\/uploads\/2024\/02\/Primera-comunion-en-Gaza-2024-12-300x240.jpg 300w, https:\/\/iveinarabic.org\/wp-content\/uploads\/2024\/02\/Primera-comunion-en-Gaza-2024-12-1024x819.jpg 1024w, https:\/\/iveinarabic.org\/wp-content\/uploads\/2024\/02\/Primera-comunion-en-Gaza-2024-12.jpg 1080w\" sizes=\"(max-width: 768px) 100vw, 768px\" \/><\/a>\n\t\t\t<\/div><\/figure><figure class='gallery-item'>\n\t\t\t<div class='gallery-icon landscape'>\n\t\t\t\t<a data-elementor-open-lightbox=\"yes\" data-elementor-lightbox-slideshow=\"cfc4e3b\" data-elementor-lightbox-title=\"Primera comunion en Gaza 2024 (13)\" data-e-action-hash=\"#elementor-action%3Aaction%3Dlightbox%26settings%3DeyJpZCI6MTMyOTMsInVybCI6Imh0dHBzOlwvXC9pdmVpbmFyYWJpYy5vcmdcL3dwLWNvbnRlbnRcL3VwbG9hZHNcLzIwMjRcLzAyXC9QcmltZXJhLWNvbXVuaW9uLWVuLUdhemEtMjAyNC0xMy5qcGciLCJzbGlkZXNob3ciOiJjZmM0ZTNiIn0%3D\" href='https:\/\/iveinarabic.org\/wp-content\/uploads\/2024\/02\/Primera-comunion-en-Gaza-2024-13.jpg'><img loading=\"lazy\" decoding=\"async\" width=\"768\" height=\"576\" src=\"https:\/\/iveinarabic.org\/wp-content\/uploads\/2024\/02\/Primera-comunion-en-Gaza-2024-13-768x576.jpg\" class=\"attachment-medium_large size-medium_large\" alt=\"\" srcset=\"https:\/\/iveinarabic.org\/wp-content\/uploads\/2024\/02\/Primera-comunion-en-Gaza-2024-13-768x576.jpg 768w, https:\/\/iveinarabic.org\/wp-content\/uploads\/2024\/02\/Primera-comunion-en-Gaza-2024-13-300x225.jpg 300w, https:\/\/iveinarabic.org\/wp-content\/uploads\/2024\/02\/Primera-comunion-en-Gaza-2024-13-1024x768.jpg 1024w, https:\/\/iveinarabic.org\/wp-content\/uploads\/2024\/02\/Primera-comunion-en-Gaza-2024-13.jpg 1080w\" sizes=\"(max-width: 768px) 100vw, 768px\" \/><\/a>\n\t\t\t<\/div><\/figure><figure class='gallery-item'>\n\t\t\t<div class='gallery-icon landscape'>\n\t\t\t\t<a data-elementor-open-lightbox=\"yes\" data-elementor-lightbox-slideshow=\"cfc4e3b\" data-elementor-lightbox-title=\"Primera comunion en Gaza 2024 (15)\" data-e-action-hash=\"#elementor-action%3Aaction%3Dlightbox%26settings%3DeyJpZCI6MTMyOTUsInVybCI6Imh0dHBzOlwvXC9pdmVpbmFyYWJpYy5vcmdcL3dwLWNvbnRlbnRcL3VwbG9hZHNcLzIwMjRcLzAyXC9QcmltZXJhLWNvbXVuaW9uLWVuLUdhemEtMjAyNC0xNS5qcGciLCJzbGlkZXNob3ciOiJjZmM0ZTNiIn0%3D\" href='https:\/\/iveinarabic.org\/wp-content\/uploads\/2024\/02\/Primera-comunion-en-Gaza-2024-15.jpg'><img loading=\"lazy\" decoding=\"async\" width=\"768\" height=\"576\" src=\"https:\/\/iveinarabic.org\/wp-content\/uploads\/2024\/02\/Primera-comunion-en-Gaza-2024-15-768x576.jpg\" class=\"attachment-medium_large size-medium_large\" alt=\"\" srcset=\"https:\/\/iveinarabic.org\/wp-content\/uploads\/2024\/02\/Primera-comunion-en-Gaza-2024-15-768x576.jpg 768w, https:\/\/iveinarabic.org\/wp-content\/uploads\/2024\/02\/Primera-comunion-en-Gaza-2024-15-300x225.jpg 300w, https:\/\/iveinarabic.org\/wp-content\/uploads\/2024\/02\/Primera-comunion-en-Gaza-2024-15-1024x768.jpg 1024w, https:\/\/iveinarabic.org\/wp-content\/uploads\/2024\/02\/Primera-comunion-en-Gaza-2024-15.jpg 1080w\" sizes=\"(max-width: 768px) 100vw, 768px\" \/><\/a>\n\t\t\t<\/div><\/figure><figure class='gallery-item'>\n\t\t\t<div class='gallery-icon landscape'>\n\t\t\t\t<a data-elementor-open-lightbox=\"yes\" data-elementor-lightbox-slideshow=\"cfc4e3b\" data-elementor-lightbox-title=\"Primera comunion en Gaza 2024 (16)\" data-e-action-hash=\"#elementor-action%3Aaction%3Dlightbox%26settings%3DeyJpZCI6MTMyOTcsInVybCI6Imh0dHBzOlwvXC9pdmVpbmFyYWJpYy5vcmdcL3dwLWNvbnRlbnRcL3VwbG9hZHNcLzIwMjRcLzAyXC9QcmltZXJhLWNvbXVuaW9uLWVuLUdhemEtMjAyNC0xNi5qcGciLCJzbGlkZXNob3ciOiJjZmM0ZTNiIn0%3D\" href='https:\/\/iveinarabic.org\/wp-content\/uploads\/2024\/02\/Primera-comunion-en-Gaza-2024-16.jpg'><img loading=\"lazy\" decoding=\"async\" width=\"768\" height=\"576\" src=\"https:\/\/iveinarabic.org\/wp-content\/uploads\/2024\/02\/Primera-comunion-en-Gaza-2024-16-768x576.jpg\" class=\"attachment-medium_large size-medium_large\" alt=\"\" srcset=\"https:\/\/iveinarabic.org\/wp-content\/uploads\/2024\/02\/Primera-comunion-en-Gaza-2024-16-768x576.jpg 768w, https:\/\/iveinarabic.org\/wp-content\/uploads\/2024\/02\/Primera-comunion-en-Gaza-2024-16-300x225.jpg 300w, https:\/\/iveinarabic.org\/wp-content\/uploads\/2024\/02\/Primera-comunion-en-Gaza-2024-16-1024x768.jpg 1024w, https:\/\/iveinarabic.org\/wp-content\/uploads\/2024\/02\/Primera-comunion-en-Gaza-2024-16.jpg 1080w\" sizes=\"(max-width: 768px) 100vw, 768px\" \/><\/a>\n\t\t\t<\/div><\/figure>\n\t\t<\/div>\n\t\t<\/div>\n\t\t\t\t\t\t<\/div>\n\t\t\t\t<\/div>\n\t\t\t\t\t<\/div>\n\t\t<\/div>\n\t\t\t\t\t<\/div>\n\t\t<\/section>\n\t\t\t\t<\/div>\n\t\t","protected":false},"excerpt":{"rendered":"<p>El domingo 7 de enero de 2024, en la fiesta del Bautismo del Se\u00f1or, tambi\u00e9n conocida como Teofan\u00eda, el P. Yousef, sacerdote vicario de la parroquia latina de Gaza, administr\u00f3 el sacramento de la Primera Comuni\u00f3n a ocho ni\u00f1os y ni\u00f1as de la parroquia despu\u00e9s de completar su programa de preparaci\u00f3n y educaci\u00f3n, a pesar [&hellip;]<\/p>\n","protected":false},"author":4,"featured_media":13271,"comment_status":"closed","ping_status":"closed","sticky":false,"template":"","format":"standard","meta":{"_acf_changed":false,"ocean_post_layout":"","ocean_both_sidebars_style":"","ocean_both_sidebars_content_width":0,"ocean_both_sidebars_sidebars_width":0,"ocean_sidebar":"","ocean_second_sidebar":"","ocean_disable_margins":"enable","ocean_add_body_class":"","ocean_shortcode_before_top_bar":"","ocean_shortcode_after_top_bar":"","ocean_shortcode_before_header":"","ocean_shortcode_after_header":"","ocean_has_shortcode":"","ocean_shortcode_after_title":"","ocean_shortcode_before_footer_widgets":"","ocean_shortcode_after_footer_widgets":"","ocean_shortcode_before_footer_bottom":"","ocean_shortcode_after_footer_bottom":"","ocean_display_top_bar":"default","ocean_display_header":"default","ocean_header_style":"","ocean_center_header_left_menu":"","ocean_custom_header_template":"","ocean_custom_logo":0,"ocean_custom_retina_logo":0,"ocean_custom_logo_max_width":0,"ocean_custom_logo_tablet_max_width":0,"ocean_custom_logo_mobile_max_width":0,"ocean_custom_logo_max_height":0,"ocean_custom_logo_tablet_max_height":0,"ocean_custom_logo_mobile_max_height":0,"ocean_header_custom_menu":"","ocean_menu_typo_font_family":"","ocean_menu_typo_font_subset":"","ocean_menu_typo_font_size":0,"ocean_menu_typo_font_size_tablet":0,"ocean_menu_typo_font_size_mobile":0,"ocean_menu_typo_font_size_unit":"px","ocean_menu_typo_font_weight":"","ocean_menu_typo_font_weight_tablet":"","ocean_menu_typo_font_weight_mobile":"","ocean_menu_typo_transform":"","ocean_menu_typo_transform_tablet":"","ocean_menu_typo_transform_mobile":"","ocean_menu_typo_line_height":0,"ocean_menu_typo_line_height_tablet":0,"ocean_menu_typo_line_height_mobile":0,"ocean_menu_typo_line_height_unit":"","ocean_menu_typo_spacing":0,"ocean_menu_typo_spacing_tablet":0,"ocean_menu_typo_spacing_mobile":0,"ocean_menu_typo_spacing_unit":"","ocean_menu_link_color":"","ocean_menu_link_color_hover":"","ocean_menu_link_color_active":"","ocean_menu_link_background":"","ocean_menu_link_hover_background":"","ocean_menu_link_active_background":"","ocean_menu_social_links_bg":"","ocean_menu_social_hover_links_bg":"","ocean_menu_social_links_color":"","ocean_menu_social_hover_links_color":"","ocean_disable_title":"default","ocean_disable_heading":"default","ocean_post_title":"","ocean_post_subheading":"","ocean_post_title_style":"","ocean_post_title_background_color":"","ocean_post_title_background":0,"ocean_post_title_bg_image_position":"","ocean_post_title_bg_image_attachment":"","ocean_post_title_bg_image_repeat":"","ocean_post_title_bg_image_size":"","ocean_post_title_height":0,"ocean_post_title_bg_overlay":0.5,"ocean_post_title_bg_overlay_color":"","ocean_disable_breadcrumbs":"default","ocean_breadcrumbs_color":"","ocean_breadcrumbs_separator_color":"","ocean_breadcrumbs_links_color":"","ocean_breadcrumbs_links_hover_color":"","ocean_display_footer_widgets":"default","ocean_display_footer_bottom":"default","ocean_custom_footer_template":"","ocean_post_oembed":"","ocean_post_self_hosted_media":"","ocean_post_video_embed":"","ocean_link_format":"","ocean_link_format_target":"self","ocean_quote_format":"","ocean_quote_format_link":"post","ocean_gallery_link_images":"on","ocean_gallery_id":[],"footnotes":""},"categories":[51],"tags":[],"class_list":["post-13301","post","type-post","status-publish","format-standard","has-post-thumbnail","hentry","category-tierra-santa","entry","has-media"],"acf":[],"_links":{"self":[{"href":"https:\/\/iveinarabic.org\/es\/wp-json\/wp\/v2\/posts\/13301","targetHints":{"allow":["GET"]}}],"collection":[{"href":"https:\/\/iveinarabic.org\/es\/wp-json\/wp\/v2\/posts"}],"about":[{"href":"https:\/\/iveinarabic.org\/es\/wp-json\/wp\/v2\/types\/post"}],"author":[{"embeddable":true,"href":"https:\/\/iveinarabic.org\/es\/wp-json\/wp\/v2\/users\/4"}],"replies":[{"embeddable":true,"href":"https:\/\/iveinarabic.org\/es\/wp-json\/wp\/v2\/comments?post=13301"}],"version-history":[{"count":1,"href":"https:\/\/iveinarabic.org\/es\/wp-json\/wp\/v2\/posts\/13301\/revisions"}],"predecessor-version":[{"id":13302,"href":"https:\/\/iveinarabic.org\/es\/wp-json\/wp\/v2\/posts\/13301\/revisions\/13302"}],"wp:featuredmedia":[{"embeddable":true,"href":"https:\/\/iveinarabic.org\/es\/wp-json\/wp\/v2\/media\/13271"}],"wp:attachment":[{"href":"https:\/\/iveinarabic.org\/es\/wp-json\/wp\/v2\/media?parent=13301"}],"wp:term":[{"taxonomy":"category","embeddable":true,"href":"https:\/\/iveinarabic.org\/es\/wp-json\/wp\/v2\/categories?post=13301"},{"taxonomy":"post_tag","embeddable":true,"href":"https:\/\/iveinarabic.org\/es\/wp-json\/wp\/v2\/tags?post=13301"}],"curies":[{"name":"wp","href":"https:\/\/api.w.org\/{rel}","templated":true}]}}