{"id":13541,"date":"2024-02-23T09:30:18","date_gmt":"2024-02-23T09:30:18","guid":{"rendered":"https:\/\/www.iveinarabic.org\/retiro-de-dia-para-los-empleados-del-hogar-de-belen-palestina\/"},"modified":"2024-02-23T09:30:18","modified_gmt":"2024-02-23T09:30:18","slug":"retiro-de-dia-para-los-empleados-del-hogar-de-belen-palestina","status":"publish","type":"post","link":"https:\/\/iveinarabic.org\/es\/retiro-de-dia-para-los-empleados-del-hogar-de-belen-palestina\/","title":{"rendered":"Retiro de Dia para los empleados del Hogar de Bel\u00e9n &#8211; Palestina"},"content":{"rendered":"\t\t<div data-elementor-type=\"wp-post\" data-elementor-id=\"13541\" class=\"elementor elementor-13541 elementor-13519\" data-elementor-post-type=\"post\">\n\t\t\t\t\t\t<section class=\"elementor-section elementor-top-section elementor-element elementor-element-0f16239 elementor-section-boxed elementor-section-height-default elementor-section-height-default\" data-id=\"0f16239\" data-element_type=\"section\" data-e-type=\"section\" data-settings=\"{&quot;jet_parallax_layout_list&quot;:[]}\">\n\t\t\t\t\t\t<div class=\"elementor-container elementor-column-gap-default\">\n\t\t\t\t\t<div class=\"elementor-column elementor-col-100 elementor-top-column elementor-element elementor-element-43bfcfd\" data-id=\"43bfcfd\" data-element_type=\"column\" data-e-type=\"column\">\n\t\t\t<div class=\"elementor-widget-wrap elementor-element-populated\">\n\t\t\t\t\t\t<div class=\"elementor-element elementor-element-909051f elementor-widget elementor-widget-text-editor\" data-id=\"909051f\" data-element_type=\"widget\" data-e-type=\"widget\" data-widget_type=\"text-editor.default\">\n\t\t\t\t<div class=\"elementor-widget-container\">\n\t\t\t\t\t\t\t\t\t<p>Queridos Todos,<\/p>\n<p>La Madre Ronces, superiora del Hogar Ni\u00f1o Dios en Bel\u00e9n, nos escribi\u00f3 contando:<\/p>\n<p>por gracia de Dios, pudimos realizar un d\u00eda de retiro con los empleados del hogar \u00abNi\u00f1o Dios\u00bb en el seminario del Patriarcado de Jerusal\u00e9n ( Beit Jala).<\/p>\n<p>El padre Gabriel Romanelli explic\u00f3 el sentido de la oraci\u00f3n del padrenuestro.<\/p>\n<p>Mientras se rezaba el rosario, hubo tiempo para las confesiones. Tuvimos la celebraci\u00f3n de la Santa Misa y luego un almuerzo todos juntos.<\/p>\n<p>Agradecemos a los sacerdotes que nos han ayudado con el d\u00eda de retiro, ya sea con la pr\u00e9dicas, escuchando confesiones, como tambi\u00e9n a los sacerdotes del seminario por permitirnos realizar el retiro all\u00ed.<\/p>\n<p>Oremos, hermanos m\u00edos, por los frutos de este ejercicio espiritual.<\/p>\n\t\t\t\t\t\t\t\t<\/div>\n\t\t\t\t<\/div>\n\t\t\t\t\t<\/div>\n\t\t<\/div>\n\t\t\t\t\t<\/div>\n\t\t<\/section>\n\t\t\t\t<section class=\"elementor-section elementor-top-section elementor-element elementor-element-30f0640 elementor-section-boxed elementor-section-height-default elementor-section-height-default\" data-id=\"30f0640\" data-element_type=\"section\" data-e-type=\"section\" data-settings=\"{&quot;jet_parallax_layout_list&quot;:[]}\">\n\t\t\t\t\t\t<div class=\"elementor-container elementor-column-gap-default\">\n\t\t\t\t\t<div class=\"elementor-column elementor-col-100 elementor-top-column elementor-element elementor-element-dd47c99\" data-id=\"dd47c99\" data-element_type=\"column\" data-e-type=\"column\">\n\t\t\t<div class=\"elementor-widget-wrap elementor-element-populated\">\n\t\t\t\t\t\t<div class=\"elementor-element elementor-element-34802ab elementor-widget elementor-widget-image-gallery\" data-id=\"34802ab\" data-element_type=\"widget\" data-e-type=\"widget\" data-widget_type=\"image-gallery.default\">\n\t\t\t\t<div class=\"elementor-widget-container\">\n\t\t\t\t\t\t\t<div class=\"elementor-image-gallery\">\n\t\t\t<div id='gallery-1' class='gallery galleryid-13541 gallery-columns-4 gallery-size-medium_large'><figure class='gallery-item'>\n\t\t\t<div class='gallery-icon landscape'>\n\t\t\t\t<a data-elementor-open-lightbox=\"yes\" data-elementor-lightbox-slideshow=\"34802ab\" data-elementor-lightbox-title=\"Belen Hogar empleados retiro 2024 (12)\" data-e-action-hash=\"#elementor-action%3Aaction%3Dlightbox%26settings%3DeyJpZCI6MTM1MjUsInVybCI6Imh0dHBzOlwvXC9pdmVpbmFyYWJpYy5vcmdcL3dwLWNvbnRlbnRcL3VwbG9hZHNcLzIwMjRcLzAyXC9CZWxlbi1Ib2dhci1lbXBsZWFkb3MtcmV0aXJvLTIwMjQtMTIuanBnIiwic2xpZGVzaG93IjoiMzQ4MDJhYiJ9\" href='https:\/\/iveinarabic.org\/wp-content\/uploads\/2024\/02\/Belen-Hogar-empleados-retiro-2024-12.jpg'><img fetchpriority=\"high\" decoding=\"async\" width=\"768\" height=\"432\" src=\"https:\/\/iveinarabic.org\/wp-content\/uploads\/2024\/02\/Belen-Hogar-empleados-retiro-2024-12-768x432.jpg\" class=\"attachment-medium_large size-medium_large\" alt=\"\" srcset=\"https:\/\/iveinarabic.org\/wp-content\/uploads\/2024\/02\/Belen-Hogar-empleados-retiro-2024-12-768x432.jpg 768w, https:\/\/iveinarabic.org\/wp-content\/uploads\/2024\/02\/Belen-Hogar-empleados-retiro-2024-12-300x169.jpg 300w, https:\/\/iveinarabic.org\/wp-content\/uploads\/2024\/02\/Belen-Hogar-empleados-retiro-2024-12-1024x577.jpg 1024w, https:\/\/iveinarabic.org\/wp-content\/uploads\/2024\/02\/Belen-Hogar-empleados-retiro-2024-12-1536x865.jpg 1536w, https:\/\/iveinarabic.org\/wp-content\/uploads\/2024\/02\/Belen-Hogar-empleados-retiro-2024-12-800x450.jpg 800w, https:\/\/iveinarabic.org\/wp-content\/uploads\/2024\/02\/Belen-Hogar-empleados-retiro-2024-12.jpg 2048w\" sizes=\"(max-width: 768px) 100vw, 768px\" \/><\/a>\n\t\t\t<\/div><\/figure><figure class='gallery-item'>\n\t\t\t<div class='gallery-icon landscape'>\n\t\t\t\t<a data-elementor-open-lightbox=\"yes\" data-elementor-lightbox-slideshow=\"34802ab\" data-elementor-lightbox-title=\"Belen Hogar empleados retiro 2024 (1)\" data-e-action-hash=\"#elementor-action%3Aaction%3Dlightbox%26settings%3DeyJpZCI6MTM1MjcsInVybCI6Imh0dHBzOlwvXC9pdmVpbmFyYWJpYy5vcmdcL3dwLWNvbnRlbnRcL3VwbG9hZHNcLzIwMjRcLzAyXC9CZWxlbi1Ib2dhci1lbXBsZWFkb3MtcmV0aXJvLTIwMjQtMS5qcGciLCJzbGlkZXNob3ciOiIzNDgwMmFiIn0%3D\" href='https:\/\/iveinarabic.org\/wp-content\/uploads\/2024\/02\/Belen-Hogar-empleados-retiro-2024-1.jpg'><img decoding=\"async\" width=\"768\" height=\"432\" src=\"https:\/\/iveinarabic.org\/wp-content\/uploads\/2024\/02\/Belen-Hogar-empleados-retiro-2024-1-768x432.jpg\" class=\"attachment-medium_large size-medium_large\" alt=\"\" srcset=\"https:\/\/iveinarabic.org\/wp-content\/uploads\/2024\/02\/Belen-Hogar-empleados-retiro-2024-1-768x432.jpg 768w, https:\/\/iveinarabic.org\/wp-content\/uploads\/2024\/02\/Belen-Hogar-empleados-retiro-2024-1-300x169.jpg 300w, https:\/\/iveinarabic.org\/wp-content\/uploads\/2024\/02\/Belen-Hogar-empleados-retiro-2024-1-1024x577.jpg 1024w, https:\/\/iveinarabic.org\/wp-content\/uploads\/2024\/02\/Belen-Hogar-empleados-retiro-2024-1-1536x865.jpg 1536w, https:\/\/iveinarabic.org\/wp-content\/uploads\/2024\/02\/Belen-Hogar-empleados-retiro-2024-1-800x450.jpg 800w, https:\/\/iveinarabic.org\/wp-content\/uploads\/2024\/02\/Belen-Hogar-empleados-retiro-2024-1.jpg 2048w\" sizes=\"(max-width: 768px) 100vw, 768px\" \/><\/a>\n\t\t\t<\/div><\/figure><figure class='gallery-item'>\n\t\t\t<div class='gallery-icon landscape'>\n\t\t\t\t<a data-elementor-open-lightbox=\"yes\" data-elementor-lightbox-slideshow=\"34802ab\" data-elementor-lightbox-title=\"Belen Hogar empleados retiro 2024 (5)\" data-e-action-hash=\"#elementor-action%3Aaction%3Dlightbox%26settings%3DeyJpZCI6MTM1MjksInVybCI6Imh0dHBzOlwvXC9pdmVpbmFyYWJpYy5vcmdcL3dwLWNvbnRlbnRcL3VwbG9hZHNcLzIwMjRcLzAyXC9CZWxlbi1Ib2dhci1lbXBsZWFkb3MtcmV0aXJvLTIwMjQtNS5qcGciLCJzbGlkZXNob3ciOiIzNDgwMmFiIn0%3D\" href='https:\/\/iveinarabic.org\/wp-content\/uploads\/2024\/02\/Belen-Hogar-empleados-retiro-2024-5.jpg'><img decoding=\"async\" width=\"768\" height=\"432\" src=\"https:\/\/iveinarabic.org\/wp-content\/uploads\/2024\/02\/Belen-Hogar-empleados-retiro-2024-5-768x432.jpg\" class=\"attachment-medium_large size-medium_large\" alt=\"\" srcset=\"https:\/\/iveinarabic.org\/wp-content\/uploads\/2024\/02\/Belen-Hogar-empleados-retiro-2024-5-768x432.jpg 768w, https:\/\/iveinarabic.org\/wp-content\/uploads\/2024\/02\/Belen-Hogar-empleados-retiro-2024-5-300x169.jpg 300w, https:\/\/iveinarabic.org\/wp-content\/uploads\/2024\/02\/Belen-Hogar-empleados-retiro-2024-5-1024x576.jpg 1024w, https:\/\/iveinarabic.org\/wp-content\/uploads\/2024\/02\/Belen-Hogar-empleados-retiro-2024-5-1536x864.jpg 1536w, https:\/\/iveinarabic.org\/wp-content\/uploads\/2024\/02\/Belen-Hogar-empleados-retiro-2024-5-800x450.jpg 800w, https:\/\/iveinarabic.org\/wp-content\/uploads\/2024\/02\/Belen-Hogar-empleados-retiro-2024-5.jpg 1671w\" sizes=\"(max-width: 768px) 100vw, 768px\" \/><\/a>\n\t\t\t<\/div><\/figure><figure class='gallery-item'>\n\t\t\t<div class='gallery-icon landscape'>\n\t\t\t\t<a data-elementor-open-lightbox=\"yes\" data-elementor-lightbox-slideshow=\"34802ab\" data-elementor-lightbox-title=\"Belen Hogar empleados retiro 2024 (6)\" data-e-action-hash=\"#elementor-action%3Aaction%3Dlightbox%26settings%3DeyJpZCI6MTM1MzEsInVybCI6Imh0dHBzOlwvXC9pdmVpbmFyYWJpYy5vcmdcL3dwLWNvbnRlbnRcL3VwbG9hZHNcLzIwMjRcLzAyXC9CZWxlbi1Ib2dhci1lbXBsZWFkb3MtcmV0aXJvLTIwMjQtNi5qcGciLCJzbGlkZXNob3ciOiIzNDgwMmFiIn0%3D\" href='https:\/\/iveinarabic.org\/wp-content\/uploads\/2024\/02\/Belen-Hogar-empleados-retiro-2024-6.jpg'><img loading=\"lazy\" decoding=\"async\" width=\"768\" height=\"432\" src=\"https:\/\/iveinarabic.org\/wp-content\/uploads\/2024\/02\/Belen-Hogar-empleados-retiro-2024-6-768x432.jpg\" class=\"attachment-medium_large size-medium_large\" alt=\"\" srcset=\"https:\/\/iveinarabic.org\/wp-content\/uploads\/2024\/02\/Belen-Hogar-empleados-retiro-2024-6-768x432.jpg 768w, https:\/\/iveinarabic.org\/wp-content\/uploads\/2024\/02\/Belen-Hogar-empleados-retiro-2024-6-300x169.jpg 300w, https:\/\/iveinarabic.org\/wp-content\/uploads\/2024\/02\/Belen-Hogar-empleados-retiro-2024-6-1024x576.jpg 1024w, https:\/\/iveinarabic.org\/wp-content\/uploads\/2024\/02\/Belen-Hogar-empleados-retiro-2024-6-1536x864.jpg 1536w, https:\/\/iveinarabic.org\/wp-content\/uploads\/2024\/02\/Belen-Hogar-empleados-retiro-2024-6-800x450.jpg 800w, https:\/\/iveinarabic.org\/wp-content\/uploads\/2024\/02\/Belen-Hogar-empleados-retiro-2024-6.jpg 1641w\" sizes=\"(max-width: 768px) 100vw, 768px\" \/><\/a>\n\t\t\t<\/div><\/figure><figure class='gallery-item'>\n\t\t\t<div class='gallery-icon landscape'>\n\t\t\t\t<a data-elementor-open-lightbox=\"yes\" data-elementor-lightbox-slideshow=\"34802ab\" data-elementor-lightbox-title=\"Belen Hogar empleados retiro 2024 (7)\" data-e-action-hash=\"#elementor-action%3Aaction%3Dlightbox%26settings%3DeyJpZCI6MTM1MzMsInVybCI6Imh0dHBzOlwvXC9pdmVpbmFyYWJpYy5vcmdcL3dwLWNvbnRlbnRcL3VwbG9hZHNcLzIwMjRcLzAyXC9CZWxlbi1Ib2dhci1lbXBsZWFkb3MtcmV0aXJvLTIwMjQtNy5qcGciLCJzbGlkZXNob3ciOiIzNDgwMmFiIn0%3D\" href='https:\/\/iveinarabic.org\/wp-content\/uploads\/2024\/02\/Belen-Hogar-empleados-retiro-2024-7.jpg'><img loading=\"lazy\" decoding=\"async\" width=\"768\" height=\"432\" src=\"https:\/\/iveinarabic.org\/wp-content\/uploads\/2024\/02\/Belen-Hogar-empleados-retiro-2024-7-768x432.jpg\" class=\"attachment-medium_large size-medium_large\" alt=\"\" srcset=\"https:\/\/iveinarabic.org\/wp-content\/uploads\/2024\/02\/Belen-Hogar-empleados-retiro-2024-7-768x432.jpg 768w, https:\/\/iveinarabic.org\/wp-content\/uploads\/2024\/02\/Belen-Hogar-empleados-retiro-2024-7-300x169.jpg 300w, https:\/\/iveinarabic.org\/wp-content\/uploads\/2024\/02\/Belen-Hogar-empleados-retiro-2024-7-1024x577.jpg 1024w, https:\/\/iveinarabic.org\/wp-content\/uploads\/2024\/02\/Belen-Hogar-empleados-retiro-2024-7-1536x865.jpg 1536w, https:\/\/iveinarabic.org\/wp-content\/uploads\/2024\/02\/Belen-Hogar-empleados-retiro-2024-7-800x450.jpg 800w, https:\/\/iveinarabic.org\/wp-content\/uploads\/2024\/02\/Belen-Hogar-empleados-retiro-2024-7.jpg 2048w\" sizes=\"(max-width: 768px) 100vw, 768px\" \/><\/a>\n\t\t\t<\/div><\/figure><figure class='gallery-item'>\n\t\t\t<div class='gallery-icon landscape'>\n\t\t\t\t<a data-elementor-open-lightbox=\"yes\" data-elementor-lightbox-slideshow=\"34802ab\" data-elementor-lightbox-title=\"Belen Hogar empleados retiro 2024 (8)\" data-e-action-hash=\"#elementor-action%3Aaction%3Dlightbox%26settings%3DeyJpZCI6MTM1MzUsInVybCI6Imh0dHBzOlwvXC9pdmVpbmFyYWJpYy5vcmdcL3dwLWNvbnRlbnRcL3VwbG9hZHNcLzIwMjRcLzAyXC9CZWxlbi1Ib2dhci1lbXBsZWFkb3MtcmV0aXJvLTIwMjQtOC5qcGciLCJzbGlkZXNob3ciOiIzNDgwMmFiIn0%3D\" href='https:\/\/iveinarabic.org\/wp-content\/uploads\/2024\/02\/Belen-Hogar-empleados-retiro-2024-8.jpg'><img loading=\"lazy\" decoding=\"async\" width=\"768\" height=\"432\" src=\"https:\/\/iveinarabic.org\/wp-content\/uploads\/2024\/02\/Belen-Hogar-empleados-retiro-2024-8-768x432.jpg\" class=\"attachment-medium_large size-medium_large\" alt=\"\" srcset=\"https:\/\/iveinarabic.org\/wp-content\/uploads\/2024\/02\/Belen-Hogar-empleados-retiro-2024-8-768x432.jpg 768w, https:\/\/iveinarabic.org\/wp-content\/uploads\/2024\/02\/Belen-Hogar-empleados-retiro-2024-8-300x169.jpg 300w, https:\/\/iveinarabic.org\/wp-content\/uploads\/2024\/02\/Belen-Hogar-empleados-retiro-2024-8-1024x576.jpg 1024w, https:\/\/iveinarabic.org\/wp-content\/uploads\/2024\/02\/Belen-Hogar-empleados-retiro-2024-8-800x450.jpg 800w, https:\/\/iveinarabic.org\/wp-content\/uploads\/2024\/02\/Belen-Hogar-empleados-retiro-2024-8.jpg 1153w\" sizes=\"(max-width: 768px) 100vw, 768px\" \/><\/a>\n\t\t\t<\/div><\/figure><figure class='gallery-item'>\n\t\t\t<div class='gallery-icon landscape'>\n\t\t\t\t<a data-elementor-open-lightbox=\"yes\" data-elementor-lightbox-slideshow=\"34802ab\" data-elementor-lightbox-title=\"Belen Hogar empleados retiro 2024 (9)\" data-e-action-hash=\"#elementor-action%3Aaction%3Dlightbox%26settings%3DeyJpZCI6MTM1MzcsInVybCI6Imh0dHBzOlwvXC9pdmVpbmFyYWJpYy5vcmdcL3dwLWNvbnRlbnRcL3VwbG9hZHNcLzIwMjRcLzAyXC9CZWxlbi1Ib2dhci1lbXBsZWFkb3MtcmV0aXJvLTIwMjQtOS5qcGciLCJzbGlkZXNob3ciOiIzNDgwMmFiIn0%3D\" href='https:\/\/iveinarabic.org\/wp-content\/uploads\/2024\/02\/Belen-Hogar-empleados-retiro-2024-9.jpg'><img loading=\"lazy\" decoding=\"async\" width=\"768\" height=\"432\" src=\"https:\/\/iveinarabic.org\/wp-content\/uploads\/2024\/02\/Belen-Hogar-empleados-retiro-2024-9-768x432.jpg\" class=\"attachment-medium_large size-medium_large\" alt=\"\" srcset=\"https:\/\/iveinarabic.org\/wp-content\/uploads\/2024\/02\/Belen-Hogar-empleados-retiro-2024-9-768x432.jpg 768w, https:\/\/iveinarabic.org\/wp-content\/uploads\/2024\/02\/Belen-Hogar-empleados-retiro-2024-9-300x169.jpg 300w, https:\/\/iveinarabic.org\/wp-content\/uploads\/2024\/02\/Belen-Hogar-empleados-retiro-2024-9-1024x577.jpg 1024w, https:\/\/iveinarabic.org\/wp-content\/uploads\/2024\/02\/Belen-Hogar-empleados-retiro-2024-9-1536x865.jpg 1536w, https:\/\/iveinarabic.org\/wp-content\/uploads\/2024\/02\/Belen-Hogar-empleados-retiro-2024-9-800x450.jpg 800w, https:\/\/iveinarabic.org\/wp-content\/uploads\/2024\/02\/Belen-Hogar-empleados-retiro-2024-9.jpg 2048w\" sizes=\"(max-width: 768px) 100vw, 768px\" \/><\/a>\n\t\t\t<\/div><\/figure>\n\t\t<\/div>\n\t\t<\/div>\n\t\t\t\t\t\t<\/div>\n\t\t\t\t<\/div>\n\t\t\t\t\t<\/div>\n\t\t<\/div>\n\t\t\t\t\t<\/div>\n\t\t<\/section>\n\t\t\t\t<\/div>\n\t\t","protected":false},"excerpt":{"rendered":"<p>Queridos Todos, La Madre Ronces, superiora del Hogar Ni\u00f1o Dios en Bel\u00e9n, nos escribi\u00f3 contando: por gracia de Dios, pudimos realizar un d\u00eda de retiro con los empleados del hogar \u00abNi\u00f1o Dios\u00bb en el seminario del Patriarcado de Jerusal\u00e9n ( Beit Jala). El padre Gabriel Romanelli explic\u00f3 el sentido de la oraci\u00f3n del padrenuestro. Mientras [&hellip;]<\/p>\n","protected":false},"author":4,"featured_media":13521,"comment_status":"closed","ping_status":"closed","sticky":false,"template":"","format":"standard","meta":{"_acf_changed":false,"ocean_post_layout":"","ocean_both_sidebars_style":"","ocean_both_sidebars_content_width":0,"ocean_both_sidebars_sidebars_width":0,"ocean_sidebar":"","ocean_second_sidebar":"","ocean_disable_margins":"enable","ocean_add_body_class":"","ocean_shortcode_before_top_bar":"","ocean_shortcode_after_top_bar":"","ocean_shortcode_before_header":"","ocean_shortcode_after_header":"","ocean_has_shortcode":"","ocean_shortcode_after_title":"","ocean_shortcode_before_footer_widgets":"","ocean_shortcode_after_footer_widgets":"","ocean_shortcode_before_footer_bottom":"","ocean_shortcode_after_footer_bottom":"","ocean_display_top_bar":"default","ocean_display_header":"default","ocean_header_style":"","ocean_center_header_left_menu":"","ocean_custom_header_template":"","ocean_custom_logo":0,"ocean_custom_retina_logo":0,"ocean_custom_logo_max_width":0,"ocean_custom_logo_tablet_max_width":0,"ocean_custom_logo_mobile_max_width":0,"ocean_custom_logo_max_height":0,"ocean_custom_logo_tablet_max_height":0,"ocean_custom_logo_mobile_max_height":0,"ocean_header_custom_menu":"","ocean_menu_typo_font_family":"","ocean_menu_typo_font_subset":"","ocean_menu_typo_font_size":0,"ocean_menu_typo_font_size_tablet":0,"ocean_menu_typo_font_size_mobile":0,"ocean_menu_typo_font_size_unit":"px","ocean_menu_typo_font_weight":"","ocean_menu_typo_font_weight_tablet":"","ocean_menu_typo_font_weight_mobile":"","ocean_menu_typo_transform":"","ocean_menu_typo_transform_tablet":"","ocean_menu_typo_transform_mobile":"","ocean_menu_typo_line_height":0,"ocean_menu_typo_line_height_tablet":0,"ocean_menu_typo_line_height_mobile":0,"ocean_menu_typo_line_height_unit":"","ocean_menu_typo_spacing":0,"ocean_menu_typo_spacing_tablet":0,"ocean_menu_typo_spacing_mobile":0,"ocean_menu_typo_spacing_unit":"","ocean_menu_link_color":"","ocean_menu_link_color_hover":"","ocean_menu_link_color_active":"","ocean_menu_link_background":"","ocean_menu_link_hover_background":"","ocean_menu_link_active_background":"","ocean_menu_social_links_bg":"","ocean_menu_social_hover_links_bg":"","ocean_menu_social_links_color":"","ocean_menu_social_hover_links_color":"","ocean_disable_title":"default","ocean_disable_heading":"default","ocean_post_title":"","ocean_post_subheading":"","ocean_post_title_style":"","ocean_post_title_background_color":"","ocean_post_title_background":0,"ocean_post_title_bg_image_position":"","ocean_post_title_bg_image_attachment":"","ocean_post_title_bg_image_repeat":"","ocean_post_title_bg_image_size":"","ocean_post_title_height":0,"ocean_post_title_bg_overlay":0.5,"ocean_post_title_bg_overlay_color":"","ocean_disable_breadcrumbs":"default","ocean_breadcrumbs_color":"","ocean_breadcrumbs_separator_color":"","ocean_breadcrumbs_links_color":"","ocean_breadcrumbs_links_hover_color":"","ocean_display_footer_widgets":"default","ocean_display_footer_bottom":"default","ocean_custom_footer_template":"","ocean_post_oembed":"","ocean_post_self_hosted_media":"","ocean_post_video_embed":"","ocean_link_format":"","ocean_link_format_target":"self","ocean_quote_format":"","ocean_quote_format_link":"post","ocean_gallery_link_images":"on","ocean_gallery_id":[],"footnotes":""},"categories":[28,51],"tags":[],"class_list":["post-13541","post","type-post","status-publish","format-standard","has-post-thumbnail","hentry","category-sin-categorizar","category-tierra-santa","entry","has-media"],"acf":[],"_links":{"self":[{"href":"https:\/\/iveinarabic.org\/es\/wp-json\/wp\/v2\/posts\/13541","targetHints":{"allow":["GET"]}}],"collection":[{"href":"https:\/\/iveinarabic.org\/es\/wp-json\/wp\/v2\/posts"}],"about":[{"href":"https:\/\/iveinarabic.org\/es\/wp-json\/wp\/v2\/types\/post"}],"author":[{"embeddable":true,"href":"https:\/\/iveinarabic.org\/es\/wp-json\/wp\/v2\/users\/4"}],"replies":[{"embeddable":true,"href":"https:\/\/iveinarabic.org\/es\/wp-json\/wp\/v2\/comments?post=13541"}],"version-history":[{"count":1,"href":"https:\/\/iveinarabic.org\/es\/wp-json\/wp\/v2\/posts\/13541\/revisions"}],"predecessor-version":[{"id":13542,"href":"https:\/\/iveinarabic.org\/es\/wp-json\/wp\/v2\/posts\/13541\/revisions\/13542"}],"wp:featuredmedia":[{"embeddable":true,"href":"https:\/\/iveinarabic.org\/es\/wp-json\/wp\/v2\/media\/13521"}],"wp:attachment":[{"href":"https:\/\/iveinarabic.org\/es\/wp-json\/wp\/v2\/media?parent=13541"}],"wp:term":[{"taxonomy":"category","embeddable":true,"href":"https:\/\/iveinarabic.org\/es\/wp-json\/wp\/v2\/categories?post=13541"},{"taxonomy":"post_tag","embeddable":true,"href":"https:\/\/iveinarabic.org\/es\/wp-json\/wp\/v2\/tags?post=13541"}],"curies":[{"name":"wp","href":"https:\/\/api.w.org\/{rel}","templated":true}]}}