{"id":3593,"date":"2019-11-18T17:00:10","date_gmt":"2019-11-18T17:00:10","guid":{"rendered":"https:\/\/www.iveinarabic.org\/celebracion-de-san-juan-pablo-ii-en-belen\/"},"modified":"2019-11-18T17:00:11","modified_gmt":"2019-11-18T17:00:11","slug":"celebracion-de-san-juan-pablo-ii-en-belen","status":"publish","type":"post","link":"https:\/\/iveinarabic.org\/es\/celebracion-de-san-juan-pablo-ii-en-belen\/","title":{"rendered":"Celebraci\u00f3n de san Juan Pablo II en Bel\u00e9n"},"content":{"rendered":"\t\t<div data-elementor-type=\"wp-post\" data-elementor-id=\"3593\" class=\"elementor elementor-3593 elementor-2823\" data-elementor-post-type=\"post\">\n\t\t\t\t\t\t<section class=\"elementor-section elementor-top-section elementor-element elementor-element-0fbf4cd elementor-section-boxed elementor-section-height-default elementor-section-height-default\" data-id=\"0fbf4cd\" data-element_type=\"section\" data-e-type=\"section\" data-settings=\"{&quot;jet_parallax_layout_list&quot;:[{&quot;jet_parallax_layout_image&quot;:{&quot;url&quot;:&quot;&quot;,&quot;id&quot;:&quot;&quot;,&quot;size&quot;:&quot;&quot;},&quot;_id&quot;:&quot;80968c4&quot;,&quot;jet_parallax_layout_image_tablet&quot;:{&quot;url&quot;:&quot;&quot;,&quot;id&quot;:&quot;&quot;,&quot;size&quot;:&quot;&quot;},&quot;jet_parallax_layout_image_mobile&quot;:{&quot;url&quot;:&quot;&quot;,&quot;id&quot;:&quot;&quot;,&quot;size&quot;:&quot;&quot;},&quot;jet_parallax_layout_speed&quot;:{&quot;unit&quot;:&quot;%&quot;,&quot;size&quot;:50,&quot;sizes&quot;:[]},&quot;jet_parallax_layout_type&quot;:&quot;scroll&quot;,&quot;jet_parallax_layout_z_index&quot;:&quot;&quot;,&quot;jet_parallax_layout_bg_x&quot;:50,&quot;jet_parallax_layout_bg_y&quot;:50,&quot;jet_parallax_layout_bg_size&quot;:&quot;auto&quot;,&quot;jet_parallax_layout_animation_prop&quot;:&quot;transform&quot;,&quot;jet_parallax_layout_on&quot;:[&quot;desktop&quot;,&quot;tablet&quot;],&quot;jet_parallax_layout_direction&quot;:&quot;1&quot;,&quot;jet_parallax_layout_fx_direction&quot;:null,&quot;jet_parallax_layout_bg_x_tablet&quot;:&quot;&quot;,&quot;jet_parallax_layout_bg_x_mobile&quot;:&quot;&quot;,&quot;jet_parallax_layout_bg_y_tablet&quot;:&quot;&quot;,&quot;jet_parallax_layout_bg_y_mobile&quot;:&quot;&quot;,&quot;jet_parallax_layout_bg_size_tablet&quot;:&quot;&quot;,&quot;jet_parallax_layout_bg_size_mobile&quot;:&quot;&quot;}]}\">\n\t\t\t\t\t\t<div class=\"elementor-container elementor-column-gap-default\">\n\t\t\t\t\t<div class=\"elementor-column elementor-col-100 elementor-top-column elementor-element elementor-element-3d64eb6\" data-id=\"3d64eb6\" data-element_type=\"column\" data-e-type=\"column\">\n\t\t\t<div class=\"elementor-widget-wrap elementor-element-populated\">\n\t\t\t\t\t\t<div class=\"elementor-element elementor-element-60eeb1b elementor-widget elementor-widget-text-editor\" data-id=\"60eeb1b\" data-element_type=\"widget\" data-e-type=\"widget\" data-widget_type=\"text-editor.default\">\n\t\t\t\t<div class=\"elementor-widget-container\">\n\t\t\t\t\t\t\t\t\t<p>Queridos amigos:<\/p>\n<p>Escribe nuestro fundador que \u201cDebemos instruir a nuestros fieles para que conozcan y amen a los Santos Patronos, d\u00e1ndoles el lugar de honor que les corresponde y llevando a cabo una pastoral articulada para conseguir esos objetivos.\u201d; y si esto dice respecto a las almas que nos han sido encomendadas, cu\u00e1nto m\u00e1s debemos vivirlo nosotros como religiosos del Verbo Encarnado. Una caracter\u00edstica especial de los patronos de nuestras comunidades es que se convierten autom\u00e1ticamente en modelos a seguir, y, por lo tanto, san Juan Pablo II es nuestro gran modelo a imitar no s\u00f3lo en cuanto al t\u00edtulo que le hemos dado dentro de nuestra familia religiosa, sino adem\u00e1s -y sobre todo- en cuanto modelo de c\u00f3mo debemos vivir nuestra consagraci\u00f3n enamorados afectiva y efectivamente de Jesucristo. Porque eso resume al Papa Magno: un alma enamorada de Jesucristo y de su Madre.<\/p>\n<p>Por gracia de Dios pudimos vivir esta celebraci\u00f3n como corresponde: en familia, para lo cual nuevamente nos juntamos en Bel\u00e9n, donde nuestros sacerdotes y hermanas realizar su misi\u00f3n.<\/p>\n<p>La liturgia fue organizada por las hermanas del Hogar Ni\u00f1o Dios en su capilla; la santa Misa fue presidida por el P. Gallardo y concelebrada por los monjes, el P. N\u00e9stor Adrada y el P. Jason Jorquera, quien estuvo a cargo de la homil\u00eda.<\/p>\n<p>Luego de la santa Misa realizamos la correspondiente cena festiva y finalmente dimos gracias a Dios por tantos beneficios prodigados por la intercesi\u00f3n del Papa Magno, nuestro patrono.<\/p>\n<p>Damos gracias a Dios por tantos beneficios recibidos por san Juan Pablo II, y encomendamos a sus oraciones a todos nuestros consagrados, pidiendo especialmente la gracia de imitar a nuestro santo patyrono en su amor incondicional para con Dios y su absoluta entrega filial por manos de Mar\u00eda sant\u00edsima.<\/p>\n<p>Con nuestra bendici\u00f3n, en Cristo y Mar\u00eda:<\/p>\n<p>Monjes del Monasterio de la Sagrada Familia.<\/p>\n\t\t\t\t\t\t\t\t<\/div>\n\t\t\t\t<\/div>\n\t\t\t\t<div class=\"elementor-element elementor-element-d634620 gallery-spacing-custom elementor-widget elementor-widget-image-gallery\" data-id=\"d634620\" data-element_type=\"widget\" data-e-type=\"widget\" data-widget_type=\"image-gallery.default\">\n\t\t\t\t<div class=\"elementor-widget-container\">\n\t\t\t\t\t\t\t<div class=\"elementor-image-gallery\">\n\t\t\t<div id='gallery-1' class='gallery galleryid-3593 gallery-columns-4 gallery-size-medium_large'><figure class='gallery-item'>\n\t\t\t<div class='gallery-icon landscape'>\n\t\t\t\t<a data-elementor-open-lightbox=\"yes\" data-elementor-lightbox-slideshow=\"d634620\" data-elementor-lightbox-title=\"IVE FIESTA JPII BELEN 2019 (49)\" data-e-action-hash=\"#elementor-action%3Aaction%3Dlightbox%26settings%3DeyJpZCI6MjgzMCwidXJsIjoiaHR0cHM6XC9cL2l2ZWluYXJhYmljLm9yZ1wvd3AtY29udGVudFwvdXBsb2Fkc1wvMjAxOVwvMTBcL0lWRS1GSUVTVEEtSlBJSS1CRUxFTi0yMDE5LTQ5LmpwZyIsInNsaWRlc2hvdyI6ImQ2MzQ2MjAifQ%3D%3D\" href='https:\/\/iveinarabic.org\/wp-content\/uploads\/2019\/10\/IVE-FIESTA-JPII-BELEN-2019-49.jpg'><img fetchpriority=\"high\" decoding=\"async\" width=\"768\" height=\"432\" src=\"https:\/\/iveinarabic.org\/wp-content\/uploads\/2019\/10\/IVE-FIESTA-JPII-BELEN-2019-49-768x432.jpg\" class=\"attachment-medium_large size-medium_large\" alt=\"\" srcset=\"https:\/\/iveinarabic.org\/wp-content\/uploads\/2019\/10\/IVE-FIESTA-JPII-BELEN-2019-49-768x432.jpg 768w, https:\/\/iveinarabic.org\/wp-content\/uploads\/2019\/10\/IVE-FIESTA-JPII-BELEN-2019-49-300x169.jpg 300w, https:\/\/iveinarabic.org\/wp-content\/uploads\/2019\/10\/IVE-FIESTA-JPII-BELEN-2019-49.jpg 1024w\" sizes=\"(max-width: 768px) 100vw, 768px\" \/><\/a>\n\t\t\t<\/div><\/figure><figure class='gallery-item'>\n\t\t\t<div class='gallery-icon landscape'>\n\t\t\t\t<a data-elementor-open-lightbox=\"yes\" data-elementor-lightbox-slideshow=\"d634620\" data-elementor-lightbox-title=\"IVE FIESTA JPII BELEN 2019 (52)\" data-e-action-hash=\"#elementor-action%3Aaction%3Dlightbox%26settings%3DeyJpZCI6MjgzMiwidXJsIjoiaHR0cHM6XC9cL2l2ZWluYXJhYmljLm9yZ1wvd3AtY29udGVudFwvdXBsb2Fkc1wvMjAxOVwvMTBcL0lWRS1GSUVTVEEtSlBJSS1CRUxFTi0yMDE5LTUyLmpwZyIsInNsaWRlc2hvdyI6ImQ2MzQ2MjAifQ%3D%3D\" href='https:\/\/iveinarabic.org\/wp-content\/uploads\/2019\/10\/IVE-FIESTA-JPII-BELEN-2019-52.jpg'><img decoding=\"async\" width=\"768\" height=\"432\" src=\"https:\/\/iveinarabic.org\/wp-content\/uploads\/2019\/10\/IVE-FIESTA-JPII-BELEN-2019-52-768x432.jpg\" class=\"attachment-medium_large size-medium_large\" alt=\"\" srcset=\"https:\/\/iveinarabic.org\/wp-content\/uploads\/2019\/10\/IVE-FIESTA-JPII-BELEN-2019-52-768x432.jpg 768w, https:\/\/iveinarabic.org\/wp-content\/uploads\/2019\/10\/IVE-FIESTA-JPII-BELEN-2019-52-300x169.jpg 300w, https:\/\/iveinarabic.org\/wp-content\/uploads\/2019\/10\/IVE-FIESTA-JPII-BELEN-2019-52.jpg 1024w\" sizes=\"(max-width: 768px) 100vw, 768px\" \/><\/a>\n\t\t\t<\/div><\/figure><figure class='gallery-item'>\n\t\t\t<div class='gallery-icon landscape'>\n\t\t\t\t<a data-elementor-open-lightbox=\"yes\" data-elementor-lightbox-slideshow=\"d634620\" data-elementor-lightbox-title=\"IVE FIESTA JPII BELEN 2019 (3)\" data-e-action-hash=\"#elementor-action%3Aaction%3Dlightbox%26settings%3DeyJpZCI6MjgzNCwidXJsIjoiaHR0cHM6XC9cL2l2ZWluYXJhYmljLm9yZ1wvd3AtY29udGVudFwvdXBsb2Fkc1wvMjAxOVwvMTBcL0lWRS1GSUVTVEEtSlBJSS1CRUxFTi0yMDE5LTMuanBnIiwic2xpZGVzaG93IjoiZDYzNDYyMCJ9\" href='https:\/\/iveinarabic.org\/wp-content\/uploads\/2019\/10\/IVE-FIESTA-JPII-BELEN-2019-3.jpg'><img decoding=\"async\" width=\"768\" height=\"432\" src=\"https:\/\/iveinarabic.org\/wp-content\/uploads\/2019\/10\/IVE-FIESTA-JPII-BELEN-2019-3-768x432.jpg\" class=\"attachment-medium_large size-medium_large\" alt=\"\" srcset=\"https:\/\/iveinarabic.org\/wp-content\/uploads\/2019\/10\/IVE-FIESTA-JPII-BELEN-2019-3-768x432.jpg 768w, https:\/\/iveinarabic.org\/wp-content\/uploads\/2019\/10\/IVE-FIESTA-JPII-BELEN-2019-3-300x169.jpg 300w, https:\/\/iveinarabic.org\/wp-content\/uploads\/2019\/10\/IVE-FIESTA-JPII-BELEN-2019-3.jpg 1024w\" sizes=\"(max-width: 768px) 100vw, 768px\" \/><\/a>\n\t\t\t<\/div><\/figure><figure class='gallery-item'>\n\t\t\t<div class='gallery-icon landscape'>\n\t\t\t\t<a data-elementor-open-lightbox=\"yes\" data-elementor-lightbox-slideshow=\"d634620\" data-elementor-lightbox-title=\"IVE FIESTA JPII BELEN 2019 (6)\" data-e-action-hash=\"#elementor-action%3Aaction%3Dlightbox%26settings%3DeyJpZCI6MjgzNiwidXJsIjoiaHR0cHM6XC9cL2l2ZWluYXJhYmljLm9yZ1wvd3AtY29udGVudFwvdXBsb2Fkc1wvMjAxOVwvMTBcL0lWRS1GSUVTVEEtSlBJSS1CRUxFTi0yMDE5LTYuanBnIiwic2xpZGVzaG93IjoiZDYzNDYyMCJ9\" href='https:\/\/iveinarabic.org\/wp-content\/uploads\/2019\/10\/IVE-FIESTA-JPII-BELEN-2019-6.jpg'><img loading=\"lazy\" decoding=\"async\" width=\"768\" height=\"432\" src=\"https:\/\/iveinarabic.org\/wp-content\/uploads\/2019\/10\/IVE-FIESTA-JPII-BELEN-2019-6-768x432.jpg\" class=\"attachment-medium_large size-medium_large\" alt=\"\" srcset=\"https:\/\/iveinarabic.org\/wp-content\/uploads\/2019\/10\/IVE-FIESTA-JPII-BELEN-2019-6-768x432.jpg 768w, https:\/\/iveinarabic.org\/wp-content\/uploads\/2019\/10\/IVE-FIESTA-JPII-BELEN-2019-6-300x169.jpg 300w, https:\/\/iveinarabic.org\/wp-content\/uploads\/2019\/10\/IVE-FIESTA-JPII-BELEN-2019-6.jpg 1024w\" sizes=\"(max-width: 768px) 100vw, 768px\" \/><\/a>\n\t\t\t<\/div><\/figure><figure class='gallery-item'>\n\t\t\t<div class='gallery-icon landscape'>\n\t\t\t\t<a data-elementor-open-lightbox=\"yes\" data-elementor-lightbox-slideshow=\"d634620\" data-elementor-lightbox-title=\"IVE FIESTA JPII BELEN 2019 (14)\" data-e-action-hash=\"#elementor-action%3Aaction%3Dlightbox%26settings%3DeyJpZCI6MjgzOCwidXJsIjoiaHR0cHM6XC9cL2l2ZWluYXJhYmljLm9yZ1wvd3AtY29udGVudFwvdXBsb2Fkc1wvMjAxOVwvMTBcL0lWRS1GSUVTVEEtSlBJSS1CRUxFTi0yMDE5LTE0LmpwZyIsInNsaWRlc2hvdyI6ImQ2MzQ2MjAifQ%3D%3D\" href='https:\/\/iveinarabic.org\/wp-content\/uploads\/2019\/10\/IVE-FIESTA-JPII-BELEN-2019-14.jpg'><img loading=\"lazy\" decoding=\"async\" width=\"768\" height=\"432\" src=\"https:\/\/iveinarabic.org\/wp-content\/uploads\/2019\/10\/IVE-FIESTA-JPII-BELEN-2019-14-768x432.jpg\" class=\"attachment-medium_large size-medium_large\" alt=\"\" srcset=\"https:\/\/iveinarabic.org\/wp-content\/uploads\/2019\/10\/IVE-FIESTA-JPII-BELEN-2019-14-768x432.jpg 768w, https:\/\/iveinarabic.org\/wp-content\/uploads\/2019\/10\/IVE-FIESTA-JPII-BELEN-2019-14-300x169.jpg 300w, https:\/\/iveinarabic.org\/wp-content\/uploads\/2019\/10\/IVE-FIESTA-JPII-BELEN-2019-14.jpg 1024w\" sizes=\"(max-width: 768px) 100vw, 768px\" \/><\/a>\n\t\t\t<\/div><\/figure><figure class='gallery-item'>\n\t\t\t<div class='gallery-icon landscape'>\n\t\t\t\t<a data-elementor-open-lightbox=\"yes\" data-elementor-lightbox-slideshow=\"d634620\" data-elementor-lightbox-title=\"IVE FIESTA JPII BELEN 2019 (18)\" data-e-action-hash=\"#elementor-action%3Aaction%3Dlightbox%26settings%3DeyJpZCI6Mjg0MCwidXJsIjoiaHR0cHM6XC9cL2l2ZWluYXJhYmljLm9yZ1wvd3AtY29udGVudFwvdXBsb2Fkc1wvMjAxOVwvMTBcL0lWRS1GSUVTVEEtSlBJSS1CRUxFTi0yMDE5LTE4LmpwZyIsInNsaWRlc2hvdyI6ImQ2MzQ2MjAifQ%3D%3D\" href='https:\/\/iveinarabic.org\/wp-content\/uploads\/2019\/10\/IVE-FIESTA-JPII-BELEN-2019-18.jpg'><img loading=\"lazy\" decoding=\"async\" width=\"768\" height=\"432\" src=\"https:\/\/iveinarabic.org\/wp-content\/uploads\/2019\/10\/IVE-FIESTA-JPII-BELEN-2019-18-768x432.jpg\" class=\"attachment-medium_large size-medium_large\" alt=\"\" srcset=\"https:\/\/iveinarabic.org\/wp-content\/uploads\/2019\/10\/IVE-FIESTA-JPII-BELEN-2019-18-768x432.jpg 768w, https:\/\/iveinarabic.org\/wp-content\/uploads\/2019\/10\/IVE-FIESTA-JPII-BELEN-2019-18-300x169.jpg 300w, https:\/\/iveinarabic.org\/wp-content\/uploads\/2019\/10\/IVE-FIESTA-JPII-BELEN-2019-18.jpg 1024w\" sizes=\"(max-width: 768px) 100vw, 768px\" \/><\/a>\n\t\t\t<\/div><\/figure><figure class='gallery-item'>\n\t\t\t<div class='gallery-icon landscape'>\n\t\t\t\t<a data-elementor-open-lightbox=\"yes\" data-elementor-lightbox-slideshow=\"d634620\" data-elementor-lightbox-title=\"IVE FIESTA JPII BELEN 2019 (20)\" data-e-action-hash=\"#elementor-action%3Aaction%3Dlightbox%26settings%3DeyJpZCI6Mjg0MiwidXJsIjoiaHR0cHM6XC9cL2l2ZWluYXJhYmljLm9yZ1wvd3AtY29udGVudFwvdXBsb2Fkc1wvMjAxOVwvMTBcL0lWRS1GSUVTVEEtSlBJSS1CRUxFTi0yMDE5LTIwLmpwZyIsInNsaWRlc2hvdyI6ImQ2MzQ2MjAifQ%3D%3D\" href='https:\/\/iveinarabic.org\/wp-content\/uploads\/2019\/10\/IVE-FIESTA-JPII-BELEN-2019-20.jpg'><img loading=\"lazy\" decoding=\"async\" width=\"768\" height=\"432\" src=\"https:\/\/iveinarabic.org\/wp-content\/uploads\/2019\/10\/IVE-FIESTA-JPII-BELEN-2019-20-768x432.jpg\" class=\"attachment-medium_large size-medium_large\" alt=\"\" srcset=\"https:\/\/iveinarabic.org\/wp-content\/uploads\/2019\/10\/IVE-FIESTA-JPII-BELEN-2019-20-768x432.jpg 768w, https:\/\/iveinarabic.org\/wp-content\/uploads\/2019\/10\/IVE-FIESTA-JPII-BELEN-2019-20-300x169.jpg 300w, https:\/\/iveinarabic.org\/wp-content\/uploads\/2019\/10\/IVE-FIESTA-JPII-BELEN-2019-20.jpg 1024w\" sizes=\"(max-width: 768px) 100vw, 768px\" \/><\/a>\n\t\t\t<\/div><\/figure><figure class='gallery-item'>\n\t\t\t<div class='gallery-icon landscape'>\n\t\t\t\t<a data-elementor-open-lightbox=\"yes\" data-elementor-lightbox-slideshow=\"d634620\" data-elementor-lightbox-title=\"IVE FIESTA JPII BELEN 2019 (24)\" data-e-action-hash=\"#elementor-action%3Aaction%3Dlightbox%26settings%3DeyJpZCI6Mjg0NCwidXJsIjoiaHR0cHM6XC9cL2l2ZWluYXJhYmljLm9yZ1wvd3AtY29udGVudFwvdXBsb2Fkc1wvMjAxOVwvMTBcL0lWRS1GSUVTVEEtSlBJSS1CRUxFTi0yMDE5LTI0LmpwZyIsInNsaWRlc2hvdyI6ImQ2MzQ2MjAifQ%3D%3D\" href='https:\/\/iveinarabic.org\/wp-content\/uploads\/2019\/10\/IVE-FIESTA-JPII-BELEN-2019-24.jpg'><img loading=\"lazy\" decoding=\"async\" width=\"768\" height=\"432\" src=\"https:\/\/iveinarabic.org\/wp-content\/uploads\/2019\/10\/IVE-FIESTA-JPII-BELEN-2019-24-768x432.jpg\" class=\"attachment-medium_large size-medium_large\" alt=\"\" srcset=\"https:\/\/iveinarabic.org\/wp-content\/uploads\/2019\/10\/IVE-FIESTA-JPII-BELEN-2019-24-768x432.jpg 768w, https:\/\/iveinarabic.org\/wp-content\/uploads\/2019\/10\/IVE-FIESTA-JPII-BELEN-2019-24-300x169.jpg 300w, https:\/\/iveinarabic.org\/wp-content\/uploads\/2019\/10\/IVE-FIESTA-JPII-BELEN-2019-24.jpg 1024w\" sizes=\"(max-width: 768px) 100vw, 768px\" \/><\/a>\n\t\t\t<\/div><\/figure><figure class='gallery-item'>\n\t\t\t<div class='gallery-icon landscape'>\n\t\t\t\t<a data-elementor-open-lightbox=\"yes\" data-elementor-lightbox-slideshow=\"d634620\" data-elementor-lightbox-title=\"IVE FIESTA JPII BELEN 2019 (31)\" data-e-action-hash=\"#elementor-action%3Aaction%3Dlightbox%26settings%3DeyJpZCI6Mjg0NiwidXJsIjoiaHR0cHM6XC9cL2l2ZWluYXJhYmljLm9yZ1wvd3AtY29udGVudFwvdXBsb2Fkc1wvMjAxOVwvMTBcL0lWRS1GSUVTVEEtSlBJSS1CRUxFTi0yMDE5LTMxLmpwZyIsInNsaWRlc2hvdyI6ImQ2MzQ2MjAifQ%3D%3D\" href='https:\/\/iveinarabic.org\/wp-content\/uploads\/2019\/10\/IVE-FIESTA-JPII-BELEN-2019-31.jpg'><img loading=\"lazy\" decoding=\"async\" width=\"768\" height=\"432\" src=\"https:\/\/iveinarabic.org\/wp-content\/uploads\/2019\/10\/IVE-FIESTA-JPII-BELEN-2019-31-768x432.jpg\" class=\"attachment-medium_large size-medium_large\" alt=\"\" srcset=\"https:\/\/iveinarabic.org\/wp-content\/uploads\/2019\/10\/IVE-FIESTA-JPII-BELEN-2019-31-768x432.jpg 768w, https:\/\/iveinarabic.org\/wp-content\/uploads\/2019\/10\/IVE-FIESTA-JPII-BELEN-2019-31-300x169.jpg 300w, https:\/\/iveinarabic.org\/wp-content\/uploads\/2019\/10\/IVE-FIESTA-JPII-BELEN-2019-31.jpg 1024w\" sizes=\"(max-width: 768px) 100vw, 768px\" \/><\/a>\n\t\t\t<\/div><\/figure><figure class='gallery-item'>\n\t\t\t<div class='gallery-icon landscape'>\n\t\t\t\t<a data-elementor-open-lightbox=\"yes\" data-elementor-lightbox-slideshow=\"d634620\" data-elementor-lightbox-title=\"IVE FIESTA JPII BELEN 2019 (35)\" data-e-action-hash=\"#elementor-action%3Aaction%3Dlightbox%26settings%3DeyJpZCI6Mjg0OCwidXJsIjoiaHR0cHM6XC9cL2l2ZWluYXJhYmljLm9yZ1wvd3AtY29udGVudFwvdXBsb2Fkc1wvMjAxOVwvMTBcL0lWRS1GSUVTVEEtSlBJSS1CRUxFTi0yMDE5LTM1LmpwZyIsInNsaWRlc2hvdyI6ImQ2MzQ2MjAifQ%3D%3D\" href='https:\/\/iveinarabic.org\/wp-content\/uploads\/2019\/10\/IVE-FIESTA-JPII-BELEN-2019-35.jpg'><img loading=\"lazy\" decoding=\"async\" width=\"768\" height=\"432\" src=\"https:\/\/iveinarabic.org\/wp-content\/uploads\/2019\/10\/IVE-FIESTA-JPII-BELEN-2019-35-768x432.jpg\" class=\"attachment-medium_large size-medium_large\" alt=\"\" srcset=\"https:\/\/iveinarabic.org\/wp-content\/uploads\/2019\/10\/IVE-FIESTA-JPII-BELEN-2019-35-768x432.jpg 768w, https:\/\/iveinarabic.org\/wp-content\/uploads\/2019\/10\/IVE-FIESTA-JPII-BELEN-2019-35-300x169.jpg 300w, https:\/\/iveinarabic.org\/wp-content\/uploads\/2019\/10\/IVE-FIESTA-JPII-BELEN-2019-35.jpg 1024w\" sizes=\"(max-width: 768px) 100vw, 768px\" \/><\/a>\n\t\t\t<\/div><\/figure><figure class='gallery-item'>\n\t\t\t<div class='gallery-icon landscape'>\n\t\t\t\t<a data-elementor-open-lightbox=\"yes\" data-elementor-lightbox-slideshow=\"d634620\" data-elementor-lightbox-title=\"IVE FIESTA JPII BELEN 2019 (44)\" data-e-action-hash=\"#elementor-action%3Aaction%3Dlightbox%26settings%3DeyJpZCI6Mjg1MCwidXJsIjoiaHR0cHM6XC9cL2l2ZWluYXJhYmljLm9yZ1wvd3AtY29udGVudFwvdXBsb2Fkc1wvMjAxOVwvMTBcL0lWRS1GSUVTVEEtSlBJSS1CRUxFTi0yMDE5LTQ0LmpwZyIsInNsaWRlc2hvdyI6ImQ2MzQ2MjAifQ%3D%3D\" href='https:\/\/iveinarabic.org\/wp-content\/uploads\/2019\/10\/IVE-FIESTA-JPII-BELEN-2019-44.jpg'><img loading=\"lazy\" decoding=\"async\" width=\"768\" height=\"432\" src=\"https:\/\/iveinarabic.org\/wp-content\/uploads\/2019\/10\/IVE-FIESTA-JPII-BELEN-2019-44-768x432.jpg\" class=\"attachment-medium_large size-medium_large\" alt=\"\" srcset=\"https:\/\/iveinarabic.org\/wp-content\/uploads\/2019\/10\/IVE-FIESTA-JPII-BELEN-2019-44-768x432.jpg 768w, https:\/\/iveinarabic.org\/wp-content\/uploads\/2019\/10\/IVE-FIESTA-JPII-BELEN-2019-44-300x169.jpg 300w, https:\/\/iveinarabic.org\/wp-content\/uploads\/2019\/10\/IVE-FIESTA-JPII-BELEN-2019-44.jpg 1024w\" sizes=\"(max-width: 768px) 100vw, 768px\" \/><\/a>\n\t\t\t<\/div><\/figure><figure class='gallery-item'>\n\t\t\t<div class='gallery-icon landscape'>\n\t\t\t\t<a data-elementor-open-lightbox=\"yes\" data-elementor-lightbox-slideshow=\"d634620\" data-elementor-lightbox-title=\"IVE FIESTA JPII BELEN 2019 (47)\" data-e-action-hash=\"#elementor-action%3Aaction%3Dlightbox%26settings%3DeyJpZCI6Mjg1MiwidXJsIjoiaHR0cHM6XC9cL2l2ZWluYXJhYmljLm9yZ1wvd3AtY29udGVudFwvdXBsb2Fkc1wvMjAxOVwvMTBcL0lWRS1GSUVTVEEtSlBJSS1CRUxFTi0yMDE5LTQ3LmpwZyIsInNsaWRlc2hvdyI6ImQ2MzQ2MjAifQ%3D%3D\" href='https:\/\/iveinarabic.org\/wp-content\/uploads\/2019\/10\/IVE-FIESTA-JPII-BELEN-2019-47.jpg'><img loading=\"lazy\" decoding=\"async\" width=\"768\" height=\"432\" src=\"https:\/\/iveinarabic.org\/wp-content\/uploads\/2019\/10\/IVE-FIESTA-JPII-BELEN-2019-47-768x432.jpg\" class=\"attachment-medium_large size-medium_large\" alt=\"\" srcset=\"https:\/\/iveinarabic.org\/wp-content\/uploads\/2019\/10\/IVE-FIESTA-JPII-BELEN-2019-47-768x432.jpg 768w, https:\/\/iveinarabic.org\/wp-content\/uploads\/2019\/10\/IVE-FIESTA-JPII-BELEN-2019-47-300x169.jpg 300w, https:\/\/iveinarabic.org\/wp-content\/uploads\/2019\/10\/IVE-FIESTA-JPII-BELEN-2019-47.jpg 1024w\" sizes=\"(max-width: 768px) 100vw, 768px\" \/><\/a>\n\t\t\t<\/div><\/figure>\n\t\t<\/div>\n\t\t<\/div>\n\t\t\t\t\t\t<\/div>\n\t\t\t\t<\/div>\n\t\t\t\t\t<\/div>\n\t\t<\/div>\n\t\t\t\t\t<\/div>\n\t\t<\/section>\n\t\t\t\t<\/div>\n\t\t","protected":false},"excerpt":{"rendered":"<p>Queridos amigos: Escribe nuestro fundador que \u201cDebemos instruir a nuestros fieles para que conozcan y amen a los Santos Patronos, d\u00e1ndoles el lugar de honor que les corresponde y llevando a cabo una pastoral articulada para conseguir esos objetivos.\u201d; y si esto dice respecto a las almas que nos han sido encomendadas, cu\u00e1nto m\u00e1s debemos [&hellip;]<\/p>\n","protected":false},"author":2,"featured_media":2825,"comment_status":"open","ping_status":"closed","sticky":false,"template":"","format":"standard","meta":{"_acf_changed":false,"ocean_post_layout":"","ocean_both_sidebars_style":"","ocean_both_sidebars_content_width":0,"ocean_both_sidebars_sidebars_width":0,"ocean_sidebar":"0","ocean_second_sidebar":"0","ocean_disable_margins":"enable","ocean_add_body_class":"","ocean_shortcode_before_top_bar":"","ocean_shortcode_after_top_bar":"","ocean_shortcode_before_header":"","ocean_shortcode_after_header":"","ocean_has_shortcode":"","ocean_shortcode_after_title":"","ocean_shortcode_before_footer_widgets":"","ocean_shortcode_after_footer_widgets":"","ocean_shortcode_before_footer_bottom":"","ocean_shortcode_after_footer_bottom":"","ocean_display_top_bar":"default","ocean_display_header":"default","ocean_header_style":"","ocean_center_header_left_menu":"0","ocean_custom_header_template":"0","ocean_custom_logo":0,"ocean_custom_retina_logo":0,"ocean_custom_logo_max_width":0,"ocean_custom_logo_tablet_max_width":0,"ocean_custom_logo_mobile_max_width":0,"ocean_custom_logo_max_height":0,"ocean_custom_logo_tablet_max_height":0,"ocean_custom_logo_mobile_max_height":0,"ocean_header_custom_menu":"0","ocean_menu_typo_font_family":"0","ocean_menu_typo_font_subset":"","ocean_menu_typo_font_size":0,"ocean_menu_typo_font_size_tablet":0,"ocean_menu_typo_font_size_mobile":0,"ocean_menu_typo_font_size_unit":"px","ocean_menu_typo_font_weight":"","ocean_menu_typo_font_weight_tablet":"","ocean_menu_typo_font_weight_mobile":"","ocean_menu_typo_transform":"","ocean_menu_typo_transform_tablet":"","ocean_menu_typo_transform_mobile":"","ocean_menu_typo_line_height":0,"ocean_menu_typo_line_height_tablet":0,"ocean_menu_typo_line_height_mobile":0,"ocean_menu_typo_line_height_unit":"","ocean_menu_typo_spacing":0,"ocean_menu_typo_spacing_tablet":0,"ocean_menu_typo_spacing_mobile":0,"ocean_menu_typo_spacing_unit":"","ocean_menu_link_color":"","ocean_menu_link_color_hover":"","ocean_menu_link_color_active":"","ocean_menu_link_background":"","ocean_menu_link_hover_background":"","ocean_menu_link_active_background":"","ocean_menu_social_links_bg":"","ocean_menu_social_hover_links_bg":"","ocean_menu_social_links_color":"","ocean_menu_social_hover_links_color":"","ocean_disable_title":"default","ocean_disable_heading":"default","ocean_post_title":"","ocean_post_subheading":"","ocean_post_title_style":"","ocean_post_title_background_color":"","ocean_post_title_background":0,"ocean_post_title_bg_image_position":"","ocean_post_title_bg_image_attachment":"","ocean_post_title_bg_image_repeat":"","ocean_post_title_bg_image_size":"","ocean_post_title_height":0,"ocean_post_title_bg_overlay":0.5,"ocean_post_title_bg_overlay_color":"","ocean_disable_breadcrumbs":"default","ocean_breadcrumbs_color":"","ocean_breadcrumbs_separator_color":"","ocean_breadcrumbs_links_color":"","ocean_breadcrumbs_links_hover_color":"","ocean_display_footer_widgets":"default","ocean_display_footer_bottom":"default","ocean_custom_footer_template":"0","ocean_post_oembed":"","ocean_post_self_hosted_media":"","ocean_post_video_embed":"","ocean_link_format":"","ocean_link_format_target":"self","ocean_quote_format":"","ocean_quote_format_link":"post","ocean_gallery_link_images":"on","ocean_gallery_id":[],"footnotes":""},"categories":[51],"tags":[],"class_list":["post-3593","post","type-post","status-publish","format-standard","has-post-thumbnail","hentry","category-tierra-santa","entry","has-media"],"acf":[],"_links":{"self":[{"href":"https:\/\/iveinarabic.org\/es\/wp-json\/wp\/v2\/posts\/3593","targetHints":{"allow":["GET"]}}],"collection":[{"href":"https:\/\/iveinarabic.org\/es\/wp-json\/wp\/v2\/posts"}],"about":[{"href":"https:\/\/iveinarabic.org\/es\/wp-json\/wp\/v2\/types\/post"}],"author":[{"embeddable":true,"href":"https:\/\/iveinarabic.org\/es\/wp-json\/wp\/v2\/users\/2"}],"replies":[{"embeddable":true,"href":"https:\/\/iveinarabic.org\/es\/wp-json\/wp\/v2\/comments?post=3593"}],"version-history":[{"count":0,"href":"https:\/\/iveinarabic.org\/es\/wp-json\/wp\/v2\/posts\/3593\/revisions"}],"wp:featuredmedia":[{"embeddable":true,"href":"https:\/\/iveinarabic.org\/es\/wp-json\/wp\/v2\/media\/2825"}],"wp:attachment":[{"href":"https:\/\/iveinarabic.org\/es\/wp-json\/wp\/v2\/media?parent=3593"}],"wp:term":[{"taxonomy":"category","embeddable":true,"href":"https:\/\/iveinarabic.org\/es\/wp-json\/wp\/v2\/categories?post=3593"},{"taxonomy":"post_tag","embeddable":true,"href":"https:\/\/iveinarabic.org\/es\/wp-json\/wp\/v2\/tags?post=3593"}],"curies":[{"name":"wp","href":"https:\/\/api.w.org\/{rel}","templated":true}]}}